{"id":50839,"date":"2024-02-20T12:37:46","date_gmt":"2024-02-20T18:37:46","guid":{"rendered":"https:\/\/encuentroinformativo.com.mx\/?p=50839"},"modified":"2024-02-20T12:37:52","modified_gmt":"2024-02-20T18:37:52","slug":"manuel-huerta-iniciara-campana-en-catemaco","status":"publish","type":"post","link":"https:\/\/encuentroinformativo.com.mx\/?p=50839","title":{"rendered":"Manuel Huerta iniciar\u00e1 campa\u00f1a en Catemaco"},"content":{"rendered":"\n<p><strong>Alejandro \u00c1vila<\/strong><\/p>\n\n\n\n<p>Boca del R\u00edo, Ver.- Manuel Huerta Ladr\u00f3n de Guevara destac\u00f3 que, el primer minuto del mes de marzo es cuando iniciar\u00e1 su campa\u00f1a rumbo al Senado de la rep\u00fablica.<\/p>\n\n\n\n<p>El ex delegado de Bienestar en Veracruz mencion\u00f3 que arrancar\u00e1 su recorridos en el municipio de Catemaco, donde dijo aprovechar\u00e1 para llenarse de buenas vibras en las misas blancas que se realizan ese d\u00eda.<\/p>\n\n\n\n<p>&#8220;Yo las puras vibras, yo creo en las energ\u00edas positivas, en el \u00e1nimo de la gente, en nuestra cultura ind\u00edgena y vamos con Claudia al z\u00f3calo a las 4 de la tarde, todos est\u00e1n invitados cordialmente, porque ahora s\u00ed va a salir el pueblo&#8221;, se\u00f1al\u00f3.<\/p>\n\n\n\n<p>En otro tema, neg\u00f3 que las columnas que se est\u00e1n manejando recientemente, donde aseguran, la ventaja de Morena sobre la posici\u00f3n es m\u00ednima, sean ciertas, y expuso que tan solo en la f\u00f3rmula que \u00e9l representa para el Senado de la Rep\u00fablica, tienen una ventaja de m\u00e1s de 20 puntos.<\/p>\n\n\n\n<p>&#8220;Vamos m\u00e1s de 20 puntos arriba de la f\u00f3rmula siniestra que presentaron ahora los del PAN, porque ya dieron la cara, porque ya sali\u00f3 el peine (\u2026) van por fuero, fundamentalmente eso es lo que quieren, saben que van a ser derrotados, todav\u00eda son los restos de los que quieren enga\u00f1ar a la gente&#8221;, remat\u00f3.<\/p>\n","protected":false},"excerpt":{"rendered":"<p>Alejandro \u00c1vila Boca del R\u00edo, Ver.- Manuel Huerta Ladr\u00f3n de Guevara destac\u00f3 que, el primer minuto del mes de marzo es cuando iniciar\u00e1 su campa\u00f1a rumbo al Senado de la rep\u00fablica. El ex delegado de Bienestar en Veracruz mencion\u00f3 que arrancar\u00e1 su recorridos en el municipio de Catemaco, donde dijo aprovechar\u00e1 para llenarse de buenas [&hellip;]<\/p>\n","protected":false},"author":2476,"featured_media":50840,"comment_status":"open","ping_status":"open","sticky":false,"template":"","format":"standard","meta":{"_jetpack_memberships_contains_paid_content":false,"footnotes":""},"categories":[2],"tags":[],"class_list":["post-50839","post","type-post","status-publish","format-standard","has-post-thumbnail","hentry","category-estado"],"jetpack_featured_media_url":"https:\/\/encuentroinformativo.com.mx\/wp-content\/uploads\/2024\/02\/IMG-20240220-WA00192.jpg","jetpack_sharing_enabled":true,"jetpack_likes_enabled":true,"amp_enabled":true,"_links":{"self":[{"href":"https:\/\/encuentroinformativo.com.mx\/index.php?rest_route=\/wp\/v2\/posts\/50839","targetHints":{"allow":["GET"]}}],"collection":[{"href":"https:\/\/encuentroinformativo.com.mx\/index.php?rest_route=\/wp\/v2\/posts"}],"about":[{"href":"https:\/\/encuentroinformativo.com.mx\/index.php?rest_route=\/wp\/v2\/types\/post"}],"author":[{"embeddable":true,"href":"https:\/\/encuentroinformativo.com.mx\/index.php?rest_route=\/wp\/v2\/users\/2476"}],"replies":[{"embeddable":true,"href":"https:\/\/encuentroinformativo.com.mx\/index.php?rest_route=%2Fwp%2Fv2%2Fcomments&post=50839"}],"version-history":[{"count":1,"href":"https:\/\/encuentroinformativo.com.mx\/index.php?rest_route=\/wp\/v2\/posts\/50839\/revisions"}],"predecessor-version":[{"id":50841,"href":"https:\/\/encuentroinformativo.com.mx\/index.php?rest_route=\/wp\/v2\/posts\/50839\/revisions\/50841"}],"wp:featuredmedia":[{"embeddable":true,"href":"https:\/\/encuentroinformativo.com.mx\/index.php?rest_route=\/wp\/v2\/media\/50840"}],"wp:attachment":[{"href":"https:\/\/encuentroinformativo.com.mx\/index.php?rest_route=%2Fwp%2Fv2%2Fmedia&parent=50839"}],"wp:term":[{"taxonomy":"category","embeddable":true,"href":"https:\/\/encuentroinformativo.com.mx\/index.php?rest_route=%2Fwp%2Fv2%2Fcategories&post=50839"},{"taxonomy":"post_tag","embeddable":true,"href":"https:\/\/encuentroinformativo.com.mx\/index.php?rest_route=%2Fwp%2Fv2%2Ftags&post=50839"}],"curies":[{"name":"wp","href":"https:\/\/api.w.org\/{rel}","templated":true}]}}