{"id":50845,"date":"2024-02-20T12:48:33","date_gmt":"2024-02-20T18:48:33","guid":{"rendered":"https:\/\/encuentroinformativo.com.mx\/?p=50845"},"modified":"2024-02-20T12:48:39","modified_gmt":"2024-02-20T18:48:39","slug":"descartan-usar-fuerza-publica-en-bloqueo-de-las-vigas","status":"publish","type":"post","link":"https:\/\/encuentroinformativo.com.mx\/?p=50845","title":{"rendered":"Descartan usar fuerza p\u00fablica en bloqueo de Las Vigas"},"content":{"rendered":"\n<p><strong>Dar\u00edo Pale <\/strong><\/p>\n\n\n\n<p>Xalapa, Ver.- No se desalojar\u00e1 con la fuerza p\u00fablica a pobladores de Las Vigas,  as\u00ed lo dio a conocer el subsecretario de Gobierno, Yahir Ademar Dom\u00ednguez.<\/p>\n\n\n\n<p>En entrevista descart\u00f3 que en este momento se vaya a usar la fuerza p\u00fablica para desalojar a los habitantes del municipio de Las Vigas, quienes tienen bloqueada la carretera por falta de agua.<\/p>\n\n\n\n<p>Asegur\u00f3 que desde muy temprano luego de que bloquearon la carretera Xalapa-Perote, se les est\u00e1 atendiendo.<\/p>\n\n\n\n<p>Expuso que a la gente se les est\u00e1 atendiendo con personal de Pol\u00edtica Regional y con elementos de la Guardia Nacional para tratar de liberar la v\u00eda de comunicaci\u00f3n, adem\u00e1s de que se trasladar\u00e1 al punto de conflicto.<\/p>\n\n\n\n<p>Dijo que ya se contactaron con personal de la Comisi\u00f3n del Agua del Estado de Veracruz (CAEV), para tratar de solucionar la situaci\u00f3n.<\/p>\n\n\n\n<p>&#8220;En este momento est\u00e1 descartado (el uso de la fuerza p\u00fablica), la principal v\u00eda para resolver conflictos para nosotros, es el di\u00e1logo y lo vamos a realizar con di\u00e1logo. Como se resolvi\u00f3 Medell\u00edn, como se resolvi\u00f3 lo de Soledad Atzompa, esa es la prioridad&#8221;, asever\u00f3.<\/p>\n\n\n\n<p>En otro orden de ideas revel\u00f3 que el Gobierno se ha reunido con el Consejo Interreligioso en el que participan diversas agrupaciones y asociaciones religiosas.<\/p>\n\n\n\n<p>Detall\u00f3 que en Veracruz existen 722 iglesias regularizadas, de forma que el objetivo de reunirse con \u00e9stas, es reconstruir el tejido social en el fomento de los valores.<\/p>\n\n\n\n<p>Defini\u00f3 que la paz y la tranquilidad es algo que busca la iglesia como objetivo y que, tambi\u00e9n el Gobierno busca como estado.<\/p>\n\n\n\n<p>&#8220;No solo la Iglesia cat\u00f3lica sino todas las expresiones que existen y que cohabitan en el Estado, hay una separaci\u00f3n muy clara entre nosotros como Estado e Iglesia, lo importante es que coadyuvamos en la construcci\u00f3n del tejido social y en el fortalecimiento de la paz&#8221;, se\u00f1al\u00f3.<\/p>\n\n\n\n<p>Hay que referir que el obispo auxiliar de la Arquidi\u00f3cesis de Toluca, monse\u00f1or Maximino L\u00f3pez Miranda, consider\u00f3 la posibilidad de establecer un di\u00e1logo con el crimen organizado, tal como se ha planteado en otras entidades del pa\u00eds, como una opci\u00f3n en busca de la construcci\u00f3n de un pacto de paz, ante el clima de violencia actual que amerita regresar a la paz.<br>Asimismo, respecto de la marcha ciudadana de este domingo, el Subsecretario opin\u00f3 que la democracia la construyen todos y, por supuesto, el llamado a votar el 2 de junio es muy importante, porque se trata de un derecho que tenemos todos los ciudadanos.<\/p>\n\n\n\n<p>Adem\u00e1s, votar es el mecanismo establecido en nuestro pa\u00eds para expresar el sentir, de manera que la marcha del domingo, es un asunto pol\u00edtico que desde su funci\u00f3n no le compete y no le corresponde opinar.<\/p>\n","protected":false},"excerpt":{"rendered":"<p>Dar\u00edo Pale Xalapa, Ver.- No se desalojar\u00e1 con la fuerza p\u00fablica a pobladores de Las Vigas, as\u00ed lo dio a conocer el subsecretario de Gobierno, Yahir Ademar Dom\u00ednguez. En entrevista descart\u00f3 que en este momento se vaya a usar la fuerza p\u00fablica para desalojar a los habitantes del municipio de Las Vigas, quienes tienen bloqueada [&hellip;]<\/p>\n","protected":false},"author":2476,"featured_media":50846,"comment_status":"open","ping_status":"open","sticky":false,"template":"","format":"standard","meta":{"_jetpack_memberships_contains_paid_content":false,"footnotes":""},"categories":[8],"tags":[],"class_list":["post-50845","post","type-post","status-publish","format-standard","has-post-thumbnail","hentry","category-region"],"jetpack_featured_media_url":"https:\/\/encuentroinformativo.com.mx\/wp-content\/uploads\/2024\/02\/IMG-20240220-WA0022.jpg","jetpack_sharing_enabled":true,"jetpack_likes_enabled":true,"amp_enabled":true,"_links":{"self":[{"href":"https:\/\/encuentroinformativo.com.mx\/index.php?rest_route=\/wp\/v2\/posts\/50845","targetHints":{"allow":["GET"]}}],"collection":[{"href":"https:\/\/encuentroinformativo.com.mx\/index.php?rest_route=\/wp\/v2\/posts"}],"about":[{"href":"https:\/\/encuentroinformativo.com.mx\/index.php?rest_route=\/wp\/v2\/types\/post"}],"author":[{"embeddable":true,"href":"https:\/\/encuentroinformativo.com.mx\/index.php?rest_route=\/wp\/v2\/users\/2476"}],"replies":[{"embeddable":true,"href":"https:\/\/encuentroinformativo.com.mx\/index.php?rest_route=%2Fwp%2Fv2%2Fcomments&post=50845"}],"version-history":[{"count":1,"href":"https:\/\/encuentroinformativo.com.mx\/index.php?rest_route=\/wp\/v2\/posts\/50845\/revisions"}],"predecessor-version":[{"id":50847,"href":"https:\/\/encuentroinformativo.com.mx\/index.php?rest_route=\/wp\/v2\/posts\/50845\/revisions\/50847"}],"wp:featuredmedia":[{"embeddable":true,"href":"https:\/\/encuentroinformativo.com.mx\/index.php?rest_route=\/wp\/v2\/media\/50846"}],"wp:attachment":[{"href":"https:\/\/encuentroinformativo.com.mx\/index.php?rest_route=%2Fwp%2Fv2%2Fmedia&parent=50845"}],"wp:term":[{"taxonomy":"category","embeddable":true,"href":"https:\/\/encuentroinformativo.com.mx\/index.php?rest_route=%2Fwp%2Fv2%2Fcategories&post=50845"},{"taxonomy":"post_tag","embeddable":true,"href":"https:\/\/encuentroinformativo.com.mx\/index.php?rest_route=%2Fwp%2Fv2%2Ftags&post=50845"}],"curies":[{"name":"wp","href":"https:\/\/api.w.org\/{rel}","templated":true}]}}