{"id":50848,"date":"2024-02-20T13:49:40","date_gmt":"2024-02-20T19:49:40","guid":{"rendered":"https:\/\/encuentroinformativo.com.mx\/?p=50848"},"modified":"2024-02-20T13:49:46","modified_gmt":"2024-02-20T19:49:46","slug":"gobierno-podria-detenerme-en-medio-de-la-contienda-electoral-senala-exjueza","status":"publish","type":"post","link":"https:\/\/encuentroinformativo.com.mx\/?p=50848","title":{"rendered":"Gobierno podr\u00eda detenerme en medio de la contienda electoral, se\u00f1ala exjueza"},"content":{"rendered":"\n<p><strong>Dar\u00edo Pale <\/strong><\/p>\n\n\n\n<p>Xalapa, Ver.- Reitera que teme que el Gobierno pueda detenerla en medio del proceso electoral, tal como se lo hicieron a otros actores pol\u00edticos, as\u00ed lo dio a conocer la exjueza del Poder Judicial de Veracruz y candidata al Senado de la Rep\u00fablica por Movimiento Ciudadano, Ang\u00e9lica S\u00e1nchez.<\/p>\n\n\n\n<p>En entrevista se\u00f1al\u00f3 que, &#8220;s\u00ed temo, porque s\u00e9 de lo que son capaces, si fueron capaces de inventarme un delito contra las instituciones de seguridad p\u00fablica, delitos contra la salud, pues a ustedes, vaya les resultar\u00eda que yo fuera una persona que ando armada, siendo juez&#8221;.<\/p>\n\n\n\n<p>&#8220;Podr\u00eda hacerlo, trae un permiso especial y ser\u00eda v\u00e1lido, pero nunca me he valido de ello, en todos los lugares donde estuve Dios me guard\u00f3 y lo que s\u00ed puedo decir es que las gentes que me conocen, jam\u00e1s tuvieron una queja de m\u00ed, de mi persona&#8221;, se\u00f1al\u00f3.<\/p>\n\n\n\n<p>Insisti\u00f3 en que teme que le puedan atribuir alg\u00fan otro delito, pero consider\u00f3 que quiz\u00e1 no lo tienen porque por eso la volvieron a vincular a proceso por los delitos contra la fe p\u00fablica y tr\u00e1fico de influencias.<\/p>\n\n\n\n<p>&#8220;No tienen ninguna prueba, de los dichos del Gobernador, de que yo hab\u00eda recibido dinero, de que ten\u00eda nexos por medio de una tercera persona&#8221;, coment\u00f3.<\/p>\n\n\n\n<p>Fue as\u00ed que tambi\u00e9n lament\u00f3 que los jueces est\u00e9n siendo obligados a resolver de tal o cual manera porque ya no tienen plenitud de jurisdicci\u00f3n.<\/p>\n\n\n\n<p>Opin\u00f3 que los veracruzanos merecen una impartici\u00f3n de justicia como lo marca el Estado de Derecho.<\/p>\n\n\n\n<p>Record\u00f3 que la presidenta del Poder Judicial, Lisbeth Aurelia Jim\u00e9nez ha dicho p\u00fablicamente que tienen &#8220;coordinaci\u00f3n&#8221; con la Fiscal\u00eda General del Estado, cuando no tienen por qu\u00e9, ya que cada uno es un ente aut\u00f3nomo.<\/p>\n\n\n\n<p>Finalmente, reiter\u00f3 que teme por su vida, pero no quiere que sus hijos se queden con la imagen de que no luch\u00f3 hasta las \u00faltimas consecuencias.<\/p>\n","protected":false},"excerpt":{"rendered":"<p>Dar\u00edo Pale Xalapa, Ver.- Reitera que teme que el Gobierno pueda detenerla en medio del proceso electoral, tal como se lo hicieron a otros actores pol\u00edticos, as\u00ed lo dio a conocer la exjueza del Poder Judicial de Veracruz y candidata al Senado de la Rep\u00fablica por Movimiento Ciudadano, Ang\u00e9lica S\u00e1nchez. En entrevista se\u00f1al\u00f3 que, &#8220;s\u00ed [&hellip;]<\/p>\n","protected":false},"author":2476,"featured_media":50849,"comment_status":"open","ping_status":"open","sticky":false,"template":"","format":"standard","meta":{"_jetpack_memberships_contains_paid_content":false,"footnotes":""},"categories":[2],"tags":[],"class_list":["post-50848","post","type-post","status-publish","format-standard","has-post-thumbnail","hentry","category-estado"],"jetpack_featured_media_url":"https:\/\/encuentroinformativo.com.mx\/wp-content\/uploads\/2024\/02\/IMG-20240220-WA0032.jpg","jetpack_sharing_enabled":true,"jetpack_likes_enabled":true,"amp_enabled":true,"_links":{"self":[{"href":"https:\/\/encuentroinformativo.com.mx\/index.php?rest_route=\/wp\/v2\/posts\/50848","targetHints":{"allow":["GET"]}}],"collection":[{"href":"https:\/\/encuentroinformativo.com.mx\/index.php?rest_route=\/wp\/v2\/posts"}],"about":[{"href":"https:\/\/encuentroinformativo.com.mx\/index.php?rest_route=\/wp\/v2\/types\/post"}],"author":[{"embeddable":true,"href":"https:\/\/encuentroinformativo.com.mx\/index.php?rest_route=\/wp\/v2\/users\/2476"}],"replies":[{"embeddable":true,"href":"https:\/\/encuentroinformativo.com.mx\/index.php?rest_route=%2Fwp%2Fv2%2Fcomments&post=50848"}],"version-history":[{"count":1,"href":"https:\/\/encuentroinformativo.com.mx\/index.php?rest_route=\/wp\/v2\/posts\/50848\/revisions"}],"predecessor-version":[{"id":50850,"href":"https:\/\/encuentroinformativo.com.mx\/index.php?rest_route=\/wp\/v2\/posts\/50848\/revisions\/50850"}],"wp:featuredmedia":[{"embeddable":true,"href":"https:\/\/encuentroinformativo.com.mx\/index.php?rest_route=\/wp\/v2\/media\/50849"}],"wp:attachment":[{"href":"https:\/\/encuentroinformativo.com.mx\/index.php?rest_route=%2Fwp%2Fv2%2Fmedia&parent=50848"}],"wp:term":[{"taxonomy":"category","embeddable":true,"href":"https:\/\/encuentroinformativo.com.mx\/index.php?rest_route=%2Fwp%2Fv2%2Fcategories&post=50848"},{"taxonomy":"post_tag","embeddable":true,"href":"https:\/\/encuentroinformativo.com.mx\/index.php?rest_route=%2Fwp%2Fv2%2Ftags&post=50848"}],"curies":[{"name":"wp","href":"https:\/\/api.w.org\/{rel}","templated":true}]}}