{"id":50851,"date":"2024-02-20T13:59:10","date_gmt":"2024-02-20T19:59:10","guid":{"rendered":"https:\/\/encuentroinformativo.com.mx\/?p=50851"},"modified":"2024-02-20T13:59:15","modified_gmt":"2024-02-20T19:59:15","slug":"familia-de-joven-fallecida-en-canada-desistio-de-apoyo-gubernamental-para-el-traslado-del-cuerpo","status":"publish","type":"post","link":"https:\/\/encuentroinformativo.com.mx\/?p=50851","title":{"rendered":"Familia de joven fallecida en Canad\u00e1 desisti\u00f3 de apoyo gubernamental para el traslado del cuerpo"},"content":{"rendered":"\n<p><strong>Dar\u00edo Pale <\/strong><\/p>\n\n\n\n<p>Xalapa, Ver.- La familia de la joven Eva Paola Cabrera Valdivia, originaria de Poza Rica, se desisti\u00f3 del apoyo del Estado para la repatriaci\u00f3n de los cuerpos, el de ella y su beb\u00e9, as\u00ed lo inform\u00f3 el director de Atenci\u00f3n a Migrantes, del gobierno del Estado, Carlos Escalante Igual.<\/p>\n\n\n\n<p>En entrevista explic\u00f3 que le ofrecieron a la familia el apoyo para el traslado del cuerpo de la Ciudad de M\u00e9xico a Poza Rica, &#8220;aparentemente ellos se desistieron porque ya pudieron hacer el traslado por sus propios medios&#8221;.<\/p>\n\n\n\n<p>&#8220;No intervenimos nosotros. Dimos la asesor\u00eda s\u00ed, y ya cuando estamos por ayudar para hacer el traslado de la Ciudad de M\u00e9xico, ellos se desistieron&#8221;, se\u00f1al\u00f3.<\/p>\n\n\n\n<p>Hay que recordar que la joven Eva Paola Cabrera Valdivia, originaria de Poza Rica emigr\u00f3 a Canad\u00e1 para reunirse con su esposo y dar a luz a su hijo, pero ambos lamentablemente fallecieron durante el parto.\u00a0<\/p>\n\n\n\n<p>Por ello, su familia ten\u00eda que juntar 15 mil d\u00f3lares canadienses, para repatriar los cuerpos de ambos.\u00a0<\/p>\n\n\n\n<p>En otro orden de ideas, el funcionario resalt\u00f3 que el pr\u00f3ximo viernes habr\u00e1 una reuni\u00f3n sobre la movilidad migratoria en Canad\u00e1, incluso resalt\u00f3 que el gobierno estatal trabaja en coordinaci\u00f3n con el gobierno de Canad\u00e1, para hacer que la migraci\u00f3n sea ordenada y documentada.<\/p>\n\n\n\n<p>Expuso que el gobierno canadiense se ha sensibilizado de la problem\u00e1tica laboral de su pa\u00eds, sabe que le hace falta la mano de obra calificada del mexicano y, por lo tanto, quieren que vayan debidamente documentados y evitar la migraci\u00f3n ilegal.<\/p>\n\n\n\n<p>&#8220;Y que ya no sea peligrosa para los mexicanos y, en general para todos los trabajadores mexicanos que vayan para all\u00e1. Estamos trabajando muy fuerte con ellos y estamos llegando a muy buenos acuerdos con ellos&#8221;, coment\u00f3.<\/p>\n\n\n\n<p>El funcionario estatal aclar\u00f3 que no tienen una cifra puntual de cu\u00e1ntos veracruzanos est\u00e1n en Canad\u00e1, quiz\u00e1 unos 20 mil, pero s\u00ed de cu\u00e1ntos veracruzanos est\u00e1n fuera del Estado.<\/p>\n\n\n\n<p>&#8220;Hay aproximadamente 850 mil veracruzanos, casi el 10 por ciento de la poblaci\u00f3n veracruzana que est\u00e1 fuera. \u00bfC\u00f3mo se sabe esto?, gracias a los reenv\u00edos de remesas que hacen v\u00eda Banco de M\u00e9xico&#8221;, destac\u00f3.<\/p>\n\n\n\n<p>Finalmente abund\u00f3 que la cantidad de 20 mil veracruzanos en Canad\u00e1 la tienen con base en el n\u00famero de solicitudes que les hacen llegar.<\/p>\n","protected":false},"excerpt":{"rendered":"<p>Dar\u00edo Pale Xalapa, Ver.- La familia de la joven Eva Paola Cabrera Valdivia, originaria de Poza Rica, se desisti\u00f3 del apoyo del Estado para la repatriaci\u00f3n de los cuerpos, el de ella y su beb\u00e9, as\u00ed lo inform\u00f3 el director de Atenci\u00f3n a Migrantes, del gobierno del Estado, Carlos Escalante Igual. En entrevista explic\u00f3 que [&hellip;]<\/p>\n","protected":false},"author":2476,"featured_media":50852,"comment_status":"open","ping_status":"open","sticky":false,"template":"","format":"standard","meta":{"_jetpack_memberships_contains_paid_content":false,"footnotes":""},"categories":[2],"tags":[],"class_list":["post-50851","post","type-post","status-publish","format-standard","has-post-thumbnail","hentry","category-estado"],"jetpack_featured_media_url":"https:\/\/encuentroinformativo.com.mx\/wp-content\/uploads\/2024\/02\/IMG-20240220-WA0045.jpg","jetpack_sharing_enabled":true,"jetpack_likes_enabled":true,"amp_enabled":true,"_links":{"self":[{"href":"https:\/\/encuentroinformativo.com.mx\/index.php?rest_route=\/wp\/v2\/posts\/50851","targetHints":{"allow":["GET"]}}],"collection":[{"href":"https:\/\/encuentroinformativo.com.mx\/index.php?rest_route=\/wp\/v2\/posts"}],"about":[{"href":"https:\/\/encuentroinformativo.com.mx\/index.php?rest_route=\/wp\/v2\/types\/post"}],"author":[{"embeddable":true,"href":"https:\/\/encuentroinformativo.com.mx\/index.php?rest_route=\/wp\/v2\/users\/2476"}],"replies":[{"embeddable":true,"href":"https:\/\/encuentroinformativo.com.mx\/index.php?rest_route=%2Fwp%2Fv2%2Fcomments&post=50851"}],"version-history":[{"count":1,"href":"https:\/\/encuentroinformativo.com.mx\/index.php?rest_route=\/wp\/v2\/posts\/50851\/revisions"}],"predecessor-version":[{"id":50853,"href":"https:\/\/encuentroinformativo.com.mx\/index.php?rest_route=\/wp\/v2\/posts\/50851\/revisions\/50853"}],"wp:featuredmedia":[{"embeddable":true,"href":"https:\/\/encuentroinformativo.com.mx\/index.php?rest_route=\/wp\/v2\/media\/50852"}],"wp:attachment":[{"href":"https:\/\/encuentroinformativo.com.mx\/index.php?rest_route=%2Fwp%2Fv2%2Fmedia&parent=50851"}],"wp:term":[{"taxonomy":"category","embeddable":true,"href":"https:\/\/encuentroinformativo.com.mx\/index.php?rest_route=%2Fwp%2Fv2%2Fcategories&post=50851"},{"taxonomy":"post_tag","embeddable":true,"href":"https:\/\/encuentroinformativo.com.mx\/index.php?rest_route=%2Fwp%2Fv2%2Ftags&post=50851"}],"curies":[{"name":"wp","href":"https:\/\/api.w.org\/{rel}","templated":true}]}}