{"id":50860,"date":"2024-02-20T14:28:14","date_gmt":"2024-02-20T20:28:14","guid":{"rendered":"https:\/\/encuentroinformativo.com.mx\/?p=50860"},"modified":"2024-02-20T14:28:23","modified_gmt":"2024-02-20T20:28:23","slug":"denuncian-taxistas-que-uber-ya-opera-en-veracruz","status":"publish","type":"post","link":"https:\/\/encuentroinformativo.com.mx\/?p=50860","title":{"rendered":"Denuncian taxistas que Uber ya opera en Veracruz"},"content":{"rendered":"\n<p><strong>Alejandro \u00c1vila<\/strong><\/p>\n\n\n\n<p>Veracruz, Ver.- El representante legal de l\u00edderes de taxistas, Gerardo Veneroso Barrientos, denunci\u00f3 que a partir del mes de febrero la aplicaci\u00f3n Uber se encuentra promocionando sus servicios en Veracruz, a pesar de la negativa del Gobierno del Estado para que pudieran trabajar en la entidad.<\/p>\n\n\n\n<p>&#8220;La aplicaci\u00f3n en In Driver est\u00e1 mandando carros particulares otra vez a los servicios, hay competencia desleal, la empresa Uber ya tambi\u00e9n en redes sociales est\u00e1 promocionando su servicio de aplicaci\u00f3n con transporte privado en la modalidad de carro particular&#8221;, puntualiz\u00f3.<\/p>\n\n\n\n<p>El representante de los taxistas denunci\u00f3 que Transporte P\u00fablico dej\u00f3 desde hace un a\u00f1o de hacer los operativos para detener a los carros particulares que se ofrec\u00edan para servicio de renta, situaci\u00f3n que permiti\u00f3 ahora volviera a circular con total impunidad creando una competencia desleal.<\/p>\n\n\n\n<p>&#8220;Alrededor de 100 unidades particulares con In Driver y ahorita ya se est\u00e1 metiendo Uber (\u2026) zona conurbada, Medell\u00edn y la zona del aeropuerto (\u2026) en este mes de febrero es cuando detectamos que entr\u00f3 Uber, ah\u00ed est\u00e1 en redes sociales se pueden meter al Face, y se est\u00e1 anunciando con un 50 por ciento de descuento en el primer viaje&#8221;, mencion\u00f3.<\/p>\n\n\n\n<p>El vocero de los l\u00edderes taxistas solicit\u00f3 al gobernador, Cuitl\u00e1huac Garc\u00eda Jim\u00e9nez tomar cartas en el asunto, toda vez que \u00e9l fue quien asegur\u00f3 que ning\u00fan veh\u00edculo de renta que no estuviera concesionado podr\u00eda trabajar en la entidad veracruzana.<\/p>\n","protected":false},"excerpt":{"rendered":"<p>Alejandro \u00c1vila Veracruz, Ver.- El representante legal de l\u00edderes de taxistas, Gerardo Veneroso Barrientos, denunci\u00f3 que a partir del mes de febrero la aplicaci\u00f3n Uber se encuentra promocionando sus servicios en Veracruz, a pesar de la negativa del Gobierno del Estado para que pudieran trabajar en la entidad. &#8220;La aplicaci\u00f3n en In Driver est\u00e1 mandando [&hellip;]<\/p>\n","protected":false},"author":2476,"featured_media":50861,"comment_status":"open","ping_status":"open","sticky":false,"template":"","format":"standard","meta":{"_jetpack_memberships_contains_paid_content":false,"footnotes":""},"categories":[2],"tags":[],"class_list":["post-50860","post","type-post","status-publish","format-standard","has-post-thumbnail","hentry","category-estado"],"jetpack_featured_media_url":"https:\/\/encuentroinformativo.com.mx\/wp-content\/uploads\/2024\/02\/IMG-20240220-WA00392.jpg","jetpack_sharing_enabled":true,"jetpack_likes_enabled":true,"amp_enabled":true,"_links":{"self":[{"href":"https:\/\/encuentroinformativo.com.mx\/index.php?rest_route=\/wp\/v2\/posts\/50860","targetHints":{"allow":["GET"]}}],"collection":[{"href":"https:\/\/encuentroinformativo.com.mx\/index.php?rest_route=\/wp\/v2\/posts"}],"about":[{"href":"https:\/\/encuentroinformativo.com.mx\/index.php?rest_route=\/wp\/v2\/types\/post"}],"author":[{"embeddable":true,"href":"https:\/\/encuentroinformativo.com.mx\/index.php?rest_route=\/wp\/v2\/users\/2476"}],"replies":[{"embeddable":true,"href":"https:\/\/encuentroinformativo.com.mx\/index.php?rest_route=%2Fwp%2Fv2%2Fcomments&post=50860"}],"version-history":[{"count":1,"href":"https:\/\/encuentroinformativo.com.mx\/index.php?rest_route=\/wp\/v2\/posts\/50860\/revisions"}],"predecessor-version":[{"id":50862,"href":"https:\/\/encuentroinformativo.com.mx\/index.php?rest_route=\/wp\/v2\/posts\/50860\/revisions\/50862"}],"wp:featuredmedia":[{"embeddable":true,"href":"https:\/\/encuentroinformativo.com.mx\/index.php?rest_route=\/wp\/v2\/media\/50861"}],"wp:attachment":[{"href":"https:\/\/encuentroinformativo.com.mx\/index.php?rest_route=%2Fwp%2Fv2%2Fmedia&parent=50860"}],"wp:term":[{"taxonomy":"category","embeddable":true,"href":"https:\/\/encuentroinformativo.com.mx\/index.php?rest_route=%2Fwp%2Fv2%2Fcategories&post=50860"},{"taxonomy":"post_tag","embeddable":true,"href":"https:\/\/encuentroinformativo.com.mx\/index.php?rest_route=%2Fwp%2Fv2%2Ftags&post=50860"}],"curies":[{"name":"wp","href":"https:\/\/api.w.org\/{rel}","templated":true}]}}