{"id":50863,"date":"2024-02-20T16:54:06","date_gmt":"2024-02-20T22:54:06","guid":{"rendered":"https:\/\/encuentroinformativo.com.mx\/?p=50863"},"modified":"2024-02-20T16:54:13","modified_gmt":"2024-02-20T22:54:13","slug":"caen-tres-integrantes-de-un-grupo-delincuencial-en-coatzacoalcos-les-aseguran-armamento","status":"publish","type":"post","link":"https:\/\/encuentroinformativo.com.mx\/?p=50863","title":{"rendered":"Caen tres integrantes de un grupo delincuencial en Coatzacoalcos, les aseguran armamento"},"content":{"rendered":"\n<p>Xalapa, Ver.- A partir de una denuncia ciudadana, efectivos de la Secretar\u00eda de Seguridad P\u00fablica (SSP), a trav\u00e9s de Polic\u00eda Estatal capturaron a tres generadores de violencia e integrantes de un grupo delictivo por delitos contra las instituciones y portaci\u00f3n ilegal de armas de fuego.<\/p>\n\n\n\n<p>\u00c9sta acci\u00f3n policial se llev\u00f3 a cabo, cuando los uniformados fueron alertados que, en el fraccionamiento de Santa Martha en Coatzacoalcos, hab\u00eda personas armadas.<\/p>\n\n\n\n<p>Inmediatamente, fuerzas del orden acudieron a verificar la situaci\u00f3n y detectaron a tres sujetos a bordo de un veh\u00edculo Nissan Versa, placas YPD878A, circulando a exceso de velocidad.<\/p>\n\n\n\n<p>A trav\u00e9s de comandos verbales, personal de SSP le indic\u00f3 a Luis Armando \u201cN\u201d, alias \u201cel negro\u201d; Francisco \u201cN\u201d, alias \u201cel guacho o poncho\u201d y Hugo Alberto \u201cN\u201d, alias \u201cel homie\u201d, detener la marcha; sin embargo, ignoraron las indicaciones y realizaron disparos con armas de fuego.<\/p>\n\n\n\n<p>Acto seguido, los tres individuos, quienes dijeron ser parte de un grupo delincuencial, fueron intervenidos y les informaron el motivo de su detenci\u00f3n, y conforme a los protocolos de actuaci\u00f3n policial, le hicieron una revisi\u00f3n preventiva, asegur\u00e1ndoles dos armas largas, un arma corta, cargadores y cartuchos \u00fatiles.<\/p>\n\n\n\n<p>Cabe se\u00f1alar que los tres hombres han sido procesados por delitos de homicidio calificado y operan c\u00e9lulas dedicadas a diferentes delitos.<\/p>\n\n\n\n<p>Los tres sujetos quedaron a disposici\u00f3n de la autoridad correspondiente, para los tr\u00e1mites de ley.<\/p>\n","protected":false},"excerpt":{"rendered":"<p>Xalapa, Ver.- A partir de una denuncia ciudadana, efectivos de la Secretar\u00eda de Seguridad P\u00fablica (SSP), a trav\u00e9s de Polic\u00eda Estatal capturaron a tres generadores de violencia e integrantes de un grupo delictivo por delitos contra las instituciones y portaci\u00f3n ilegal de armas de fuego. \u00c9sta acci\u00f3n policial se llev\u00f3 a cabo, cuando los uniformados [&hellip;]<\/p>\n","protected":false},"author":2476,"featured_media":50864,"comment_status":"open","ping_status":"open","sticky":false,"template":"","format":"standard","meta":{"_jetpack_memberships_contains_paid_content":false,"footnotes":""},"categories":[2],"tags":[],"class_list":["post-50863","post","type-post","status-publish","format-standard","has-post-thumbnail","hentry","category-estado"],"jetpack_featured_media_url":"https:\/\/encuentroinformativo.com.mx\/wp-content\/uploads\/2024\/02\/IMG-20240220-WA00562.jpg","jetpack_sharing_enabled":true,"jetpack_likes_enabled":true,"amp_enabled":true,"_links":{"self":[{"href":"https:\/\/encuentroinformativo.com.mx\/index.php?rest_route=\/wp\/v2\/posts\/50863","targetHints":{"allow":["GET"]}}],"collection":[{"href":"https:\/\/encuentroinformativo.com.mx\/index.php?rest_route=\/wp\/v2\/posts"}],"about":[{"href":"https:\/\/encuentroinformativo.com.mx\/index.php?rest_route=\/wp\/v2\/types\/post"}],"author":[{"embeddable":true,"href":"https:\/\/encuentroinformativo.com.mx\/index.php?rest_route=\/wp\/v2\/users\/2476"}],"replies":[{"embeddable":true,"href":"https:\/\/encuentroinformativo.com.mx\/index.php?rest_route=%2Fwp%2Fv2%2Fcomments&post=50863"}],"version-history":[{"count":1,"href":"https:\/\/encuentroinformativo.com.mx\/index.php?rest_route=\/wp\/v2\/posts\/50863\/revisions"}],"predecessor-version":[{"id":50865,"href":"https:\/\/encuentroinformativo.com.mx\/index.php?rest_route=\/wp\/v2\/posts\/50863\/revisions\/50865"}],"wp:featuredmedia":[{"embeddable":true,"href":"https:\/\/encuentroinformativo.com.mx\/index.php?rest_route=\/wp\/v2\/media\/50864"}],"wp:attachment":[{"href":"https:\/\/encuentroinformativo.com.mx\/index.php?rest_route=%2Fwp%2Fv2%2Fmedia&parent=50863"}],"wp:term":[{"taxonomy":"category","embeddable":true,"href":"https:\/\/encuentroinformativo.com.mx\/index.php?rest_route=%2Fwp%2Fv2%2Fcategories&post=50863"},{"taxonomy":"post_tag","embeddable":true,"href":"https:\/\/encuentroinformativo.com.mx\/index.php?rest_route=%2Fwp%2Fv2%2Ftags&post=50863"}],"curies":[{"name":"wp","href":"https:\/\/api.w.org\/{rel}","templated":true}]}}