{"id":50866,"date":"2024-02-20T16:59:28","date_gmt":"2024-02-20T22:59:28","guid":{"rendered":"https:\/\/encuentroinformativo.com.mx\/?p=50866"},"modified":"2024-02-20T16:59:34","modified_gmt":"2024-02-20T22:59:34","slug":"demanda-uv-a-gobierno-garantizar-seguridad-de-estudiantes","status":"publish","type":"post","link":"https:\/\/encuentroinformativo.com.mx\/?p=50866","title":{"rendered":"Demanda UV a Gobierno garantizar seguridad de estudiantes"},"content":{"rendered":"\n<p><strong>Alejandro \u00c1vila<\/strong><\/p>\n\n\n\n<p>Boca del R\u00edo, Ver.- En un comunicado, la Universidad Veracruzana exigi\u00f3 al Gobierno de Veracruz garantizar la seguridad de los estudiantes a trav\u00e9s de protocolos eficientes, esto ante la desaparici\u00f3n de un alumno de la Facultad de Ingenier\u00eda Mec\u00e1nica El\u00e9ctrica en el municipio de Boca del R\u00edo.<\/p>\n\n\n\n<p>La Comisi\u00f3n Estatal de B\u00fasqueda emiti\u00f3 una alerta sobre Luis Agust\u00edn Sosa Andrade de 22 a\u00f1os de edad, desaparecido el pasado s\u00e1bado 17 de febrero y estudiante de Ingenier\u00eda Mec\u00e1nica El\u00e9ctrica de la Universidad Veracruzana, del cual no se tiene informaci\u00f3n sobre su paradero.<\/p>\n\n\n\n<p>&#8220;No podemos permitir que ning\u00fan estudiante desaparezca, por ello como comunidad universitaria seguimos exigiendo un ambiente seguro porque desde nuestras aulas apostamos a una cultura de paz y la no violencia&#8221;.<\/p>\n\n\n\n<p>La \u00faltima vez que se supo del estudiante fue en el fraccionamiento Las Vegas del municipio de Boca del R\u00edo, y al momento de su desaparici\u00f3n vest\u00eda shorts negro con franjas, playera negra y sandalias.<\/p>\n","protected":false},"excerpt":{"rendered":"<p>Alejandro \u00c1vila Boca del R\u00edo, Ver.- En un comunicado, la Universidad Veracruzana exigi\u00f3 al Gobierno de Veracruz garantizar la seguridad de los estudiantes a trav\u00e9s de protocolos eficientes, esto ante la desaparici\u00f3n de un alumno de la Facultad de Ingenier\u00eda Mec\u00e1nica El\u00e9ctrica en el municipio de Boca del R\u00edo. La Comisi\u00f3n Estatal de B\u00fasqueda emiti\u00f3 [&hellip;]<\/p>\n","protected":false},"author":2476,"featured_media":50867,"comment_status":"open","ping_status":"open","sticky":false,"template":"","format":"standard","meta":{"_jetpack_memberships_contains_paid_content":false,"footnotes":""},"categories":[2],"tags":[],"class_list":["post-50866","post","type-post","status-publish","format-standard","has-post-thumbnail","hentry","category-estado"],"jetpack_featured_media_url":"https:\/\/encuentroinformativo.com.mx\/wp-content\/uploads\/2024\/02\/IMG-20240220-WA0058.jpg","jetpack_sharing_enabled":true,"jetpack_likes_enabled":true,"amp_enabled":true,"_links":{"self":[{"href":"https:\/\/encuentroinformativo.com.mx\/index.php?rest_route=\/wp\/v2\/posts\/50866","targetHints":{"allow":["GET"]}}],"collection":[{"href":"https:\/\/encuentroinformativo.com.mx\/index.php?rest_route=\/wp\/v2\/posts"}],"about":[{"href":"https:\/\/encuentroinformativo.com.mx\/index.php?rest_route=\/wp\/v2\/types\/post"}],"author":[{"embeddable":true,"href":"https:\/\/encuentroinformativo.com.mx\/index.php?rest_route=\/wp\/v2\/users\/2476"}],"replies":[{"embeddable":true,"href":"https:\/\/encuentroinformativo.com.mx\/index.php?rest_route=%2Fwp%2Fv2%2Fcomments&post=50866"}],"version-history":[{"count":1,"href":"https:\/\/encuentroinformativo.com.mx\/index.php?rest_route=\/wp\/v2\/posts\/50866\/revisions"}],"predecessor-version":[{"id":50868,"href":"https:\/\/encuentroinformativo.com.mx\/index.php?rest_route=\/wp\/v2\/posts\/50866\/revisions\/50868"}],"wp:featuredmedia":[{"embeddable":true,"href":"https:\/\/encuentroinformativo.com.mx\/index.php?rest_route=\/wp\/v2\/media\/50867"}],"wp:attachment":[{"href":"https:\/\/encuentroinformativo.com.mx\/index.php?rest_route=%2Fwp%2Fv2%2Fmedia&parent=50866"}],"wp:term":[{"taxonomy":"category","embeddable":true,"href":"https:\/\/encuentroinformativo.com.mx\/index.php?rest_route=%2Fwp%2Fv2%2Fcategories&post=50866"},{"taxonomy":"post_tag","embeddable":true,"href":"https:\/\/encuentroinformativo.com.mx\/index.php?rest_route=%2Fwp%2Fv2%2Ftags&post=50866"}],"curies":[{"name":"wp","href":"https:\/\/api.w.org\/{rel}","templated":true}]}}