{"id":5089,"date":"2020-08-20T12:56:12","date_gmt":"2020-08-20T17:56:12","guid":{"rendered":"https:\/\/encuentroinformativo.com\/?p=5089"},"modified":"2020-08-20T12:56:15","modified_gmt":"2020-08-20T17:56:15","slug":"con-protesta-jubilados-reclaman-pago-de-pensiones","status":"publish","type":"post","link":"https:\/\/encuentroinformativo.com.mx\/?p=5089","title":{"rendered":"Con protesta, jubilados reclaman pago de pensiones"},"content":{"rendered":"\n<p><strong>Dar\u00edo Pale <\/strong><\/p>\n\n\n\n<p>Xalapa, Ver.- Pablo Hern\u00e1ndez Jim\u00e9nez, representante de la Alianza de Jubilados, Pensionados y Adultos Mayores dio a conocer que tal y como lo hab\u00edan anunciado la semana pasada se manifestaron frente al palacio de Gobierno, en Xalapa para reclamar que se siga pagando la pensi\u00f3n estatal para personas mayores de 70 a\u00f1os.<\/p>\n\n\n\n<p>Entrevistado durante la manifestaci\u00f3n se\u00f1al\u00f3 que, luego de que el Congreso del Estado abrog\u00f3 la Ley 223 que contemplaba dicho apoyo porque ahora los adultos mayores cuentan con una pensi\u00f3n del Gobierno Federal.<\/p>\n\n\n\n<p>Se\u00f1al\u00f3 que la alianza reclam\u00f3 que a pesar de ser uno de los sectores m\u00e1s vulnerables al coronavirus, deben salir a las calles manifestarse.<\/p>\n\n\n\n<p>&#8220;No deber\u00edamos estar aqu\u00ed porque somos gente vulnerable, gente de alto riesgo ahora que est\u00e1 el Covid&#8221; se\u00f1al\u00f3 en entrevista.<\/p>\n\n\n\n<p>Por \u00faltimo insisti\u00f3 en que los pagos a nivel estatal est\u00e1n presupuestados para todo este a\u00f1o, pues recibieron el correspondiente al periodo de enero a marzo.<\/p>\n\n\n\n<figure class=\"wp-block-image size-large\"><img loading=\"lazy\" decoding=\"async\" width=\"1192\" height=\"755\" src=\"https:\/\/i2.wp.com\/encuentroinformativo.com\/wp-content\/uploads\/2020\/08\/04F91052-3DB9-498B-8F9D-1DAF49D5C524.jpeg?fit=640%2C406&amp;ssl=1\" alt=\"\" class=\"wp-image-5091\" srcset=\"https:\/\/encuentroinformativo.com.mx\/wp-content\/uploads\/2020\/08\/04F91052-3DB9-498B-8F9D-1DAF49D5C524.jpeg 1192w, https:\/\/encuentroinformativo.com.mx\/wp-content\/uploads\/2020\/08\/04F91052-3DB9-498B-8F9D-1DAF49D5C524-300x190.jpeg 300w, https:\/\/encuentroinformativo.com.mx\/wp-content\/uploads\/2020\/08\/04F91052-3DB9-498B-8F9D-1DAF49D5C524-1024x649.jpeg 1024w, https:\/\/encuentroinformativo.com.mx\/wp-content\/uploads\/2020\/08\/04F91052-3DB9-498B-8F9D-1DAF49D5C524-768x486.jpeg 768w\" sizes=\"auto, (max-width: 1192px) 100vw, 1192px\" \/><\/figure>\n\n\n\n<p><\/p>\n\n\n\n<p><\/p>\n","protected":false},"excerpt":{"rendered":"<p>Dar\u00edo Pale Xalapa, Ver.- Pablo Hern\u00e1ndez Jim\u00e9nez, representante de la Alianza de Jubilados, Pensionados y Adultos Mayores dio a conocer que tal y como lo hab\u00edan anunciado la semana pasada se manifestaron frente al palacio de Gobierno, en Xalapa para reclamar que se siga pagando la pensi\u00f3n estatal para personas mayores de 70 a\u00f1os. Entrevistado [&hellip;]<\/p>\n","protected":false},"author":1,"featured_media":5090,"comment_status":"open","ping_status":"open","sticky":false,"template":"","format":"standard","meta":{"_jetpack_memberships_contains_paid_content":false,"footnotes":""},"categories":[3],"tags":[],"class_list":["post-5089","post","type-post","status-publish","format-standard","has-post-thumbnail","hentry","category-xalapa"],"jetpack_featured_media_url":"https:\/\/encuentroinformativo.com.mx\/wp-content\/uploads\/2020\/08\/CA0F1FB5-0EF0-4641-B841-66CB1C776397.jpeg","jetpack_sharing_enabled":true,"jetpack_likes_enabled":true,"amp_enabled":true,"_links":{"self":[{"href":"https:\/\/encuentroinformativo.com.mx\/index.php?rest_route=\/wp\/v2\/posts\/5089","targetHints":{"allow":["GET"]}}],"collection":[{"href":"https:\/\/encuentroinformativo.com.mx\/index.php?rest_route=\/wp\/v2\/posts"}],"about":[{"href":"https:\/\/encuentroinformativo.com.mx\/index.php?rest_route=\/wp\/v2\/types\/post"}],"author":[{"embeddable":true,"href":"https:\/\/encuentroinformativo.com.mx\/index.php?rest_route=\/wp\/v2\/users\/1"}],"replies":[{"embeddable":true,"href":"https:\/\/encuentroinformativo.com.mx\/index.php?rest_route=%2Fwp%2Fv2%2Fcomments&post=5089"}],"version-history":[{"count":1,"href":"https:\/\/encuentroinformativo.com.mx\/index.php?rest_route=\/wp\/v2\/posts\/5089\/revisions"}],"predecessor-version":[{"id":5092,"href":"https:\/\/encuentroinformativo.com.mx\/index.php?rest_route=\/wp\/v2\/posts\/5089\/revisions\/5092"}],"wp:featuredmedia":[{"embeddable":true,"href":"https:\/\/encuentroinformativo.com.mx\/index.php?rest_route=\/wp\/v2\/media\/5090"}],"wp:attachment":[{"href":"https:\/\/encuentroinformativo.com.mx\/index.php?rest_route=%2Fwp%2Fv2%2Fmedia&parent=5089"}],"wp:term":[{"taxonomy":"category","embeddable":true,"href":"https:\/\/encuentroinformativo.com.mx\/index.php?rest_route=%2Fwp%2Fv2%2Fcategories&post=5089"},{"taxonomy":"post_tag","embeddable":true,"href":"https:\/\/encuentroinformativo.com.mx\/index.php?rest_route=%2Fwp%2Fv2%2Ftags&post=5089"}],"curies":[{"name":"wp","href":"https:\/\/api.w.org\/{rel}","templated":true}]}}