{"id":50902,"date":"2024-02-21T12:57:02","date_gmt":"2024-02-21T18:57:02","guid":{"rendered":"https:\/\/encuentroinformativo.com.mx\/?p=50902"},"modified":"2024-02-21T12:57:10","modified_gmt":"2024-02-21T18:57:10","slug":"buscara-facico-profesionalizar-a-creadores-de-contenido","status":"publish","type":"post","link":"https:\/\/encuentroinformativo.com.mx\/?p=50902","title":{"rendered":"Buscar\u00e1 FACICO  profesionalizar a creadores de contenido"},"content":{"rendered":"\n<p><strong>Alejandra \u00c1vila<\/strong><\/p>\n\n\n\n<p>Boca del R\u00edo, Ver.- A partir del 2025, la Facultad de Ciencias y T\u00e9cnicas de la Comunicaci\u00f3n (FACICO) de la Universidad Veracruzana (UV), dispondr\u00e1 una materia donde se busca profesionalizar a los creadores de contenido en redes sociales, mencion\u00f3 Rosy Lorena Laurencio Meza, directora FACICO.<\/p>\n\n\n\n<p>La docente se\u00f1al\u00f3 que con las nuevas tecnolog\u00edas cualquier persona se puede convertir en un informador de un hecho; sin embargo, no todos presentan un contenido adecuado o con los lineamientos base.<\/p>\n\n\n\n<p>&#8220;Nosotros estamos ahorita, por ejemplo, en la modificaci\u00f3n del plan de estudios que ya est\u00e1 casi por salir, posiblemente para la pr\u00f3xima generaci\u00f3n, no est\u00e1 que ingrese en agosto sino la siguiente ya tendremos un nuevo plan de estudios, y obviamente con lo \u00faltimo que manejamos del acceso a las tecnolog\u00edas, con manejo de contenidos y todas estas tendencias (\u2026) as\u00ed es, ya m\u00e1s especializada en ese sentido (..) el nombre ahorita no lo recuerdo en este momento, pero parte de los contenidos tiene que ver con esa formaci\u00f3n (\u2026) no propiamente como influencers, ya sabemos que hay carreras que est\u00e1n en ese sentido funcionando en el pa\u00eds y no estamos creando, sino formando j\u00f3venes que puedan crear un contenido m\u00e1s acorde, espec\u00edfico, y no publicar cualquier tipo de contenido&#8221;, subray\u00f3.<\/p>\n\n\n\n<p>El otro tema este, mi\u00e9rcoles se entregaron reconocimientos a profesores jubilados de la Facultad de Ciencias T\u00e9cnicas de la Comunicaci\u00f3n (FACICO), ya que este jueves 22 de febrero se cumplen 70 a\u00f1os de la creaci\u00f3n de la original Facultad de Periodismo que evolucion\u00f3 en 1967 a Ciencias y T\u00e9cnicas de Comunicacion en la calle Arista del centro de la ciudad de Veracruz, y que posteriormente, en 1985 se traslad\u00f3 al campus Mocambo en Boca del R\u00edo.<\/p>\n","protected":false},"excerpt":{"rendered":"<p>Alejandra \u00c1vila Boca del R\u00edo, Ver.- A partir del 2025, la Facultad de Ciencias y T\u00e9cnicas de la Comunicaci\u00f3n (FACICO) de la Universidad Veracruzana (UV), dispondr\u00e1 una materia donde se busca profesionalizar a los creadores de contenido en redes sociales, mencion\u00f3 Rosy Lorena Laurencio Meza, directora FACICO. La docente se\u00f1al\u00f3 que con las nuevas tecnolog\u00edas [&hellip;]<\/p>\n","protected":false},"author":2476,"featured_media":50903,"comment_status":"open","ping_status":"open","sticky":false,"template":"","format":"standard","meta":{"_jetpack_memberships_contains_paid_content":false,"footnotes":""},"categories":[2],"tags":[],"class_list":["post-50902","post","type-post","status-publish","format-standard","has-post-thumbnail","hentry","category-estado"],"jetpack_featured_media_url":"https:\/\/encuentroinformativo.com.mx\/wp-content\/uploads\/2024\/02\/IMG-20240221-WA0048.jpg","jetpack_sharing_enabled":true,"jetpack_likes_enabled":true,"amp_enabled":true,"_links":{"self":[{"href":"https:\/\/encuentroinformativo.com.mx\/index.php?rest_route=\/wp\/v2\/posts\/50902","targetHints":{"allow":["GET"]}}],"collection":[{"href":"https:\/\/encuentroinformativo.com.mx\/index.php?rest_route=\/wp\/v2\/posts"}],"about":[{"href":"https:\/\/encuentroinformativo.com.mx\/index.php?rest_route=\/wp\/v2\/types\/post"}],"author":[{"embeddable":true,"href":"https:\/\/encuentroinformativo.com.mx\/index.php?rest_route=\/wp\/v2\/users\/2476"}],"replies":[{"embeddable":true,"href":"https:\/\/encuentroinformativo.com.mx\/index.php?rest_route=%2Fwp%2Fv2%2Fcomments&post=50902"}],"version-history":[{"count":1,"href":"https:\/\/encuentroinformativo.com.mx\/index.php?rest_route=\/wp\/v2\/posts\/50902\/revisions"}],"predecessor-version":[{"id":50904,"href":"https:\/\/encuentroinformativo.com.mx\/index.php?rest_route=\/wp\/v2\/posts\/50902\/revisions\/50904"}],"wp:featuredmedia":[{"embeddable":true,"href":"https:\/\/encuentroinformativo.com.mx\/index.php?rest_route=\/wp\/v2\/media\/50903"}],"wp:attachment":[{"href":"https:\/\/encuentroinformativo.com.mx\/index.php?rest_route=%2Fwp%2Fv2%2Fmedia&parent=50902"}],"wp:term":[{"taxonomy":"category","embeddable":true,"href":"https:\/\/encuentroinformativo.com.mx\/index.php?rest_route=%2Fwp%2Fv2%2Fcategories&post=50902"},{"taxonomy":"post_tag","embeddable":true,"href":"https:\/\/encuentroinformativo.com.mx\/index.php?rest_route=%2Fwp%2Fv2%2Ftags&post=50902"}],"curies":[{"name":"wp","href":"https:\/\/api.w.org\/{rel}","templated":true}]}}