{"id":50905,"date":"2024-02-21T13:11:14","date_gmt":"2024-02-21T19:11:14","guid":{"rendered":"https:\/\/encuentroinformativo.com.mx\/?p=50905"},"modified":"2024-02-21T13:11:19","modified_gmt":"2024-02-21T19:11:19","slug":"madre-acusa-abusos-a-su-hija-en-secundaria-de-minatitlan","status":"publish","type":"post","link":"https:\/\/encuentroinformativo.com.mx\/?p=50905","title":{"rendered":"Madre acusa abusos a su hija en secundaria de Minatitl\u00e1n"},"content":{"rendered":"\n<p><strong>Dar\u00edo Pale <\/strong><\/p>\n\n\n\n<p>Xalapa, Ver.- Ning\u00fan docente hizo nada y aunque el agresor acept\u00f3 su responsabilidad, permitieron que regresara al sal\u00f3n de clases.<\/p>\n\n\n\n<p>La se\u00f1ora Macaria Cruz L\u00f3pez, protest\u00f3 afuera de la Secretar\u00eda de Educaci\u00f3n de Veracruz (SEV), para denunciar que su menor hija fue violada sexualmente por uno de sus compa\u00f1eros de secundaria, dentro del mismo sal\u00f3n, en el municipio de Minatitl\u00e1n, en febrero del a\u00f1o pasado, sin que hasta la fecha se haya fincado responsabilidad contra nadie.\u00a0<\/p>\n\n\n\n<p>Explic\u00f3 que el subdirector del plantel, Lorenzo Montalvo Nieto, la llam\u00f3 primero para decirle que su hija era una estudiante de excelencia y luego le dijo que hab\u00eda sido violada dentro del plantel escolar y que por ello, se hab\u00eda acercado a sus compa\u00f1eras, para pedirles ayuda, para que recibiera apoyo psicol\u00f3gico.<\/p>\n\n\n\n<p>El subdirector le dijo que era necesario que como madre la apoyara totalmente y es que en la escuela no le brindaron apoyo m\u00e9dico, psicol\u00f3gico, moral, mucho menos un poco de empat\u00eda para su menor hija.<\/p>\n\n\n\n<p>Los hechos ocurrieron en febrero del a\u00f1o pasado, pero hasta el momento no ha pasado nada, \u00fanicamente mandaron a llamar al agresor hasta el siguiente mes, quien neg\u00f3 lo sucedido.\u00a0<\/p>\n\n\n\n<p>Luego mandaron a llamar a los padres, quienes se lo llevaron y posteriormente dieron a conocer que el adolescente hab\u00eda aceptado haber violado a su hija dentro de la Escuela T\u00e9cnica Industrial 88, en el municipio de Minatitl\u00e1n.\u00a0<\/p>\n\n\n\n<p>A pesar de lo sucedido y de haber aceptado su responsabilidad, se le permiti\u00f3 regresar a clases y continuar en el mismo sal\u00f3n de clases de la v\u00edctima.\u00a0\u201cHasta el d\u00eda 6 de marzo (2024) me entero que mi hija hab\u00eda sido violada y que ellos estaban enterados. Me dijeron que me iban a apoyar con la denuncia, con apoyo psicol\u00f3gico, con todo lo que fuera necesario&#8221;, se\u00f1al\u00f3.<\/p>\n\n\n\n<p>&#8220;No puedo creer lo que les voy a decir: a mi hija la hicieron responsable&#8230; por eso estoy denunciando omisi\u00f3n de cuidados por parte del personal educativo, se interpuso una denuncia en contra del personal que laboraba en el momento en el que mi hija estaba siendo violentada\u201d, agrego.<\/p>\n\n\n\n<p>Finalmente informo que, actualmente existe una denuncia ante la Fiscal\u00eda Especializada para Adolescentes en la Unidad Integral de Procuraci\u00f3n de Justicia y se abri\u00f3 la carpeta de investigaci\u00f3n 020\/2023 en Coatzacoalcos.<\/p>\n","protected":false},"excerpt":{"rendered":"<p>Dar\u00edo Pale Xalapa, Ver.- Ning\u00fan docente hizo nada y aunque el agresor acept\u00f3 su responsabilidad, permitieron que regresara al sal\u00f3n de clases. La se\u00f1ora Macaria Cruz L\u00f3pez, protest\u00f3 afuera de la Secretar\u00eda de Educaci\u00f3n de Veracruz (SEV), para denunciar que su menor hija fue violada sexualmente por uno de sus compa\u00f1eros de secundaria, dentro del [&hellip;]<\/p>\n","protected":false},"author":2476,"featured_media":50906,"comment_status":"open","ping_status":"open","sticky":false,"template":"","format":"standard","meta":{"_jetpack_memberships_contains_paid_content":false,"footnotes":""},"categories":[2],"tags":[],"class_list":["post-50905","post","type-post","status-publish","format-standard","has-post-thumbnail","hentry","category-estado"],"jetpack_featured_media_url":"https:\/\/encuentroinformativo.com.mx\/wp-content\/uploads\/2024\/02\/IMG-20240221-WA0044.jpg","jetpack_sharing_enabled":true,"jetpack_likes_enabled":true,"amp_enabled":true,"_links":{"self":[{"href":"https:\/\/encuentroinformativo.com.mx\/index.php?rest_route=\/wp\/v2\/posts\/50905","targetHints":{"allow":["GET"]}}],"collection":[{"href":"https:\/\/encuentroinformativo.com.mx\/index.php?rest_route=\/wp\/v2\/posts"}],"about":[{"href":"https:\/\/encuentroinformativo.com.mx\/index.php?rest_route=\/wp\/v2\/types\/post"}],"author":[{"embeddable":true,"href":"https:\/\/encuentroinformativo.com.mx\/index.php?rest_route=\/wp\/v2\/users\/2476"}],"replies":[{"embeddable":true,"href":"https:\/\/encuentroinformativo.com.mx\/index.php?rest_route=%2Fwp%2Fv2%2Fcomments&post=50905"}],"version-history":[{"count":1,"href":"https:\/\/encuentroinformativo.com.mx\/index.php?rest_route=\/wp\/v2\/posts\/50905\/revisions"}],"predecessor-version":[{"id":50907,"href":"https:\/\/encuentroinformativo.com.mx\/index.php?rest_route=\/wp\/v2\/posts\/50905\/revisions\/50907"}],"wp:featuredmedia":[{"embeddable":true,"href":"https:\/\/encuentroinformativo.com.mx\/index.php?rest_route=\/wp\/v2\/media\/50906"}],"wp:attachment":[{"href":"https:\/\/encuentroinformativo.com.mx\/index.php?rest_route=%2Fwp%2Fv2%2Fmedia&parent=50905"}],"wp:term":[{"taxonomy":"category","embeddable":true,"href":"https:\/\/encuentroinformativo.com.mx\/index.php?rest_route=%2Fwp%2Fv2%2Fcategories&post=50905"},{"taxonomy":"post_tag","embeddable":true,"href":"https:\/\/encuentroinformativo.com.mx\/index.php?rest_route=%2Fwp%2Fv2%2Ftags&post=50905"}],"curies":[{"name":"wp","href":"https:\/\/api.w.org\/{rel}","templated":true}]}}