{"id":50911,"date":"2024-02-21T14:16:55","date_gmt":"2024-02-21T20:16:55","guid":{"rendered":"https:\/\/encuentroinformativo.com.mx\/?p=50911"},"modified":"2024-02-21T14:18:13","modified_gmt":"2024-02-21T20:18:13","slug":"trabajadores-de-salud-protestan-en-evento-del-imss-bienestar","status":"publish","type":"post","link":"https:\/\/encuentroinformativo.com.mx\/?p=50911","title":{"rendered":"Trabajadores de Salud, protestan en evento del IMSS Bienestar"},"content":{"rendered":"\n<p><strong>Alejandro \u00c1vila<\/strong><\/p>\n\n\n\n<p>Boca del R\u00edo, Ver.- Empleados de la Secretar\u00eda de Salud de Veracruz se manifestaron afuera del <em>World Trade Center<\/em> de Boca del R\u00edo, donde se realizaba la entrega de bases del IMSS Bienestar a trabajadores de gobierno.<\/p>\n\n\n\n<p>Los inconformes acusaron que dicha masificaci\u00f3n se hizo con base en influyentismo y no se respet\u00f3 la antig\u00fcedad de varios de sus empleados.<\/p>\n\n\n\n<p>Los afectados son trabajadores de m\u00e1s de 10 municipios de la entidad veracruzana y de las \u00e1reas de trabajo social, m\u00e9dicos, nutri\u00f3logos, psic\u00f3logos, enfermeros y qu\u00edmicos, los cuales a pesar de cumplir con los requisitos quedaron fuera de la masificaci\u00f3n que fue entregada a ciertos &#8220;amigos&#8221;.<\/p>\n\n\n\n<p>Empleadas del Centro Estatal de Cancerolog\u00eda, se plantaron con pancartas para exigir justicia laboral, tambi\u00e9n trabajadores del Hospital Regional de Boca del R\u00edo, externaron la misma queja.<\/p>\n\n\n\n<p>\u201cAhorita el personal que se encuentra dentro (Wolrd Trade Center) ya va a firmar una basificaci\u00f3n, van a tener el beneficio econ\u00f3mico, van a tener prestaciones, este proceso se dijo que iba ser por antig\u00fcedad, el presidente de la Rep\u00fablica coment\u00f3 que ya no iba a haber influyentismo y no entendemos por qu\u00e9 el personal de menor antig\u00fcedad se encentra adentro, yo tengo 8 a\u00f1os y 16 d\u00edas de antig\u00fcedad para los Servicios de Salud de Veracruz en el Centro Estatal de Cancerolog\u00eda\u201d, dijo Am\u00e9rica Hern\u00e1ndez, trabajadora social del CECAN.&nbsp;<\/p>\n\n\n\n<p>Con m\u00e1s de 8 a\u00f1os laborando para los Servicios de Salud en el Estado, afirman que muchos tienen sueldos abajo de los 9 mil pesos, sin ninguna prestaci\u00f3n, ni seguridad laboral, ahora con las bases del IMSS Bienestar, puestos como trabajo social, percibir\u00e1n m\u00e1s de 21 mil pesos al mes.&nbsp;<\/p>\n\n\n\n<p>\u201cGano 4 mil 300 pesos quincenales y servicio social en categor\u00eda de IMSS van a firmar una basificiaci\u00f3n de 21 mil pesos mensuales, por lo menos el triple de nuestro sueldo. Tengo compa\u00f1eras de m\u00e1s antig\u00fcedad y quedaron fuera. La mayor\u00eda de nosotros tenemos contratos precarios sin ninguna seguridad laboral, \u00fanicamente con las vacaciones que era la \u00fanica prestaci\u00f3n que nos brindaban\u201d.&nbsp;<\/p>\n\n\n\n<p>Este 21 de febrero, se realiz\u00f3 el acto protocolario de entrega de bases al personal de salud de Veracruz encabezado por autoridades del IMSS Bienestar, al estado le corresponden alrededor de 3 mil basificaciones.<\/p>\n\n\n\n<figure class=\"wp-block-image size-large\"><img loading=\"lazy\" decoding=\"async\" width=\"1024\" height=\"768\" src=\"https:\/\/encuentroinformativo.com.mx\/wp-content\/uploads\/2024\/02\/IMG-20240221-WA0052-1024x768.jpg\" alt=\"\" class=\"wp-image-50913\" srcset=\"https:\/\/encuentroinformativo.com.mx\/wp-content\/uploads\/2024\/02\/IMG-20240221-WA0052-1024x768.jpg 1024w, https:\/\/encuentroinformativo.com.mx\/wp-content\/uploads\/2024\/02\/IMG-20240221-WA0052-300x225.jpg 300w, https:\/\/encuentroinformativo.com.mx\/wp-content\/uploads\/2024\/02\/IMG-20240221-WA0052-768x576.jpg 768w, https:\/\/encuentroinformativo.com.mx\/wp-content\/uploads\/2024\/02\/IMG-20240221-WA0052-1536x1153.jpg 1536w, https:\/\/encuentroinformativo.com.mx\/wp-content\/uploads\/2024\/02\/IMG-20240221-WA0052.jpg 1599w\" sizes=\"auto, (max-width: 1024px) 100vw, 1024px\" \/><\/figure>\n","protected":false},"excerpt":{"rendered":"<p>Alejandro \u00c1vila Boca del R\u00edo, Ver.- Empleados de la Secretar\u00eda de Salud de Veracruz se manifestaron afuera del World Trade Center de Boca del R\u00edo, donde se realizaba la entrega de bases del IMSS Bienestar a trabajadores de gobierno. Los inconformes acusaron que dicha masificaci\u00f3n se hizo con base en influyentismo y no se respet\u00f3 [&hellip;]<\/p>\n","protected":false},"author":2476,"featured_media":50915,"comment_status":"open","ping_status":"open","sticky":false,"template":"","format":"standard","meta":{"_jetpack_memberships_contains_paid_content":false,"footnotes":""},"categories":[9],"tags":[],"class_list":["post-50911","post","type-post","status-publish","format-standard","has-post-thumbnail","hentry","category-salud"],"jetpack_featured_media_url":"https:\/\/encuentroinformativo.com.mx\/wp-content\/uploads\/2024\/02\/IMG-20240221-WA00532.jpg","jetpack_sharing_enabled":true,"jetpack_likes_enabled":true,"amp_enabled":true,"_links":{"self":[{"href":"https:\/\/encuentroinformativo.com.mx\/index.php?rest_route=\/wp\/v2\/posts\/50911","targetHints":{"allow":["GET"]}}],"collection":[{"href":"https:\/\/encuentroinformativo.com.mx\/index.php?rest_route=\/wp\/v2\/posts"}],"about":[{"href":"https:\/\/encuentroinformativo.com.mx\/index.php?rest_route=\/wp\/v2\/types\/post"}],"author":[{"embeddable":true,"href":"https:\/\/encuentroinformativo.com.mx\/index.php?rest_route=\/wp\/v2\/users\/2476"}],"replies":[{"embeddable":true,"href":"https:\/\/encuentroinformativo.com.mx\/index.php?rest_route=%2Fwp%2Fv2%2Fcomments&post=50911"}],"version-history":[{"count":1,"href":"https:\/\/encuentroinformativo.com.mx\/index.php?rest_route=\/wp\/v2\/posts\/50911\/revisions"}],"predecessor-version":[{"id":50914,"href":"https:\/\/encuentroinformativo.com.mx\/index.php?rest_route=\/wp\/v2\/posts\/50911\/revisions\/50914"}],"wp:featuredmedia":[{"embeddable":true,"href":"https:\/\/encuentroinformativo.com.mx\/index.php?rest_route=\/wp\/v2\/media\/50915"}],"wp:attachment":[{"href":"https:\/\/encuentroinformativo.com.mx\/index.php?rest_route=%2Fwp%2Fv2%2Fmedia&parent=50911"}],"wp:term":[{"taxonomy":"category","embeddable":true,"href":"https:\/\/encuentroinformativo.com.mx\/index.php?rest_route=%2Fwp%2Fv2%2Fcategories&post=50911"},{"taxonomy":"post_tag","embeddable":true,"href":"https:\/\/encuentroinformativo.com.mx\/index.php?rest_route=%2Fwp%2Fv2%2Ftags&post=50911"}],"curies":[{"name":"wp","href":"https:\/\/api.w.org\/{rel}","templated":true}]}}