{"id":50917,"date":"2024-02-21T15:31:03","date_gmt":"2024-02-21T21:31:03","guid":{"rendered":"https:\/\/encuentroinformativo.com.mx\/?p=50917"},"modified":"2024-02-21T15:31:09","modified_gmt":"2024-02-21T21:31:09","slug":"encuentran-despensas-en-descomposicion-en-dif-de-coetzala","status":"publish","type":"post","link":"https:\/\/encuentroinformativo.com.mx\/?p=50917","title":{"rendered":"Encuentran despensas en descomposici\u00f3n en DIF de Coetzala"},"content":{"rendered":"\n<p><strong>Alejandro \u00c1vila<\/strong><\/p>\n\n\n\n<p>Coetzala, Ver.- Los manifestantes que llevan m\u00e1s de 10 d\u00edas tomando el Palacio Municipal de Coetzala, encontraron el d\u00eda de ayer despensas en estado descomposici\u00f3n en el edificio del DIF, situaci\u00f3n que incrementa la serie de irregularidades por las cuales arremeten en contra del alcalde, Alejandro Garc\u00eda Hern\u00e1ndez del PT.<\/p>\n\n\n\n<p>&#8220;S\u00ed, fue la oficina que se tom\u00f3 el d\u00eda de ayer, es la oficina del DIF y se topan con que es realmente un cochinero ah\u00ed, despensas ya se echaron a perder que huelen muy feo, es parte de las despensas que en determinado momento est\u00e1n recibiendo los ciudadanos&#8221;, declar\u00f3 Crispin Garc\u00eda Galindo.<\/p>\n\n\n\n<p>Desde el pasado 12 de febrero pobladores tomaron el Palacio Municipal debido a diversas inconformidades con la actual administraci\u00f3n.<\/p>\n\n\n\n<p>&#8220;El problema m\u00e1s que nada aqu\u00ed es el alcalde, \u00faltimamente ha despedido ya aqu\u00ed a un promedio de 15 trabajadores, la gente ya no soport\u00f3 esto, pero tiene una serie de problemas en cuanto a la obra p\u00fablica, en la administraci\u00f3n de recursos, entonces, es lo que estamos pidiendo ahorita ante el Congreso y el ORFIS, que se fiscalicen en las obras porque ya est\u00e1n entregadas y est\u00e1n inconclusas, muchas veces son obras que fueron terminadas con personal del Ayuntamiento, a pesar de que se realizaron por modalidad de contrato&#8221;, subray\u00f3.<\/p>\n\n\n\n<p>Los despedidos fueron separados de su cargo con la promesa de liquidarlos en fechas posteriores, sin embargo, no les ha entregado su finiquito.<\/p>\n\n\n\n<p>&#8220;La mayor\u00eda de la gente esta es del municipio, el otro problema es que tiene al nueve personas laborando, entre ellos todo personal de confianza con salarios muy altos y desconocemos aqu\u00ed en el municipio qui\u00e9nes son o de d\u00f3nde vienen y son las que se est\u00e1n llevando los mejores salarios&#8221;, agreg\u00f3.<\/p>\n\n\n\n<p>Finalmente, Crisp\u00edn Garc\u00eda, dijo que ya se encuentra una comitiva en el Congreso de Veracruz solicitando el desafuero del alcalde y la destituci\u00f3n del Ayuntamiento, con la finalidad de que se conforme un Consejo Municipal que trabaje en revertir todas las irregularidades que se est\u00e1n cometiendo.<\/p>\n","protected":false},"excerpt":{"rendered":"<p>Alejandro \u00c1vila Coetzala, Ver.- Los manifestantes que llevan m\u00e1s de 10 d\u00edas tomando el Palacio Municipal de Coetzala, encontraron el d\u00eda de ayer despensas en estado descomposici\u00f3n en el edificio del DIF, situaci\u00f3n que incrementa la serie de irregularidades por las cuales arremeten en contra del alcalde, Alejandro Garc\u00eda Hern\u00e1ndez del PT. &#8220;S\u00ed, fue la [&hellip;]<\/p>\n","protected":false},"author":2476,"featured_media":50918,"comment_status":"open","ping_status":"open","sticky":false,"template":"","format":"standard","meta":{"_jetpack_memberships_contains_paid_content":false,"footnotes":""},"categories":[2],"tags":[],"class_list":["post-50917","post","type-post","status-publish","format-standard","has-post-thumbnail","hentry","category-estado"],"jetpack_featured_media_url":"https:\/\/encuentroinformativo.com.mx\/wp-content\/uploads\/2024\/02\/IMG-20240221-WA0071.jpg","jetpack_sharing_enabled":true,"jetpack_likes_enabled":true,"amp_enabled":true,"_links":{"self":[{"href":"https:\/\/encuentroinformativo.com.mx\/index.php?rest_route=\/wp\/v2\/posts\/50917","targetHints":{"allow":["GET"]}}],"collection":[{"href":"https:\/\/encuentroinformativo.com.mx\/index.php?rest_route=\/wp\/v2\/posts"}],"about":[{"href":"https:\/\/encuentroinformativo.com.mx\/index.php?rest_route=\/wp\/v2\/types\/post"}],"author":[{"embeddable":true,"href":"https:\/\/encuentroinformativo.com.mx\/index.php?rest_route=\/wp\/v2\/users\/2476"}],"replies":[{"embeddable":true,"href":"https:\/\/encuentroinformativo.com.mx\/index.php?rest_route=%2Fwp%2Fv2%2Fcomments&post=50917"}],"version-history":[{"count":1,"href":"https:\/\/encuentroinformativo.com.mx\/index.php?rest_route=\/wp\/v2\/posts\/50917\/revisions"}],"predecessor-version":[{"id":50919,"href":"https:\/\/encuentroinformativo.com.mx\/index.php?rest_route=\/wp\/v2\/posts\/50917\/revisions\/50919"}],"wp:featuredmedia":[{"embeddable":true,"href":"https:\/\/encuentroinformativo.com.mx\/index.php?rest_route=\/wp\/v2\/media\/50918"}],"wp:attachment":[{"href":"https:\/\/encuentroinformativo.com.mx\/index.php?rest_route=%2Fwp%2Fv2%2Fmedia&parent=50917"}],"wp:term":[{"taxonomy":"category","embeddable":true,"href":"https:\/\/encuentroinformativo.com.mx\/index.php?rest_route=%2Fwp%2Fv2%2Fcategories&post=50917"},{"taxonomy":"post_tag","embeddable":true,"href":"https:\/\/encuentroinformativo.com.mx\/index.php?rest_route=%2Fwp%2Fv2%2Ftags&post=50917"}],"curies":[{"name":"wp","href":"https:\/\/api.w.org\/{rel}","templated":true}]}}