{"id":50920,"date":"2024-02-21T15:38:12","date_gmt":"2024-02-21T21:38:12","guid":{"rendered":"https:\/\/encuentroinformativo.com.mx\/?p=50920"},"modified":"2024-02-21T15:38:17","modified_gmt":"2024-02-21T21:38:17","slug":"fiscalia-debera-recibir-pruebas-del-caso-afirman-cafetaleros","status":"publish","type":"post","link":"https:\/\/encuentroinformativo.com.mx\/?p=50920","title":{"rendered":"Fiscal\u00eda deber\u00e1 recibir pruebas del caso, afirman Cafetaleros"},"content":{"rendered":"\n<p><strong>Dar\u00edo Pale <\/strong><\/p>\n\n\n\n<p>Xalapa, Ver.- La Fiscal\u00eda General del Estado (FGE) reabrir\u00e1 la investigaci\u00f3n y recibir\u00e1 las pruebas de los acusados, esto despu\u00e9s de que el Gobierno Federal revisara las pruebas de los cafetaleros acusados por la empresa AMSA-ECOM.<\/p>\n\n\n\n<p>A trav\u00e9s de un comunicado, la Coordinadora Nacional de Organizaciones Cafetaleras (CNOC) lament\u00f3 que en casi 9 meses de juicio la fiscal, Ver\u00f3nica Hern\u00e1ndez Giad\u00e1ns solo acept\u00f3 pruebas que elabor\u00f3 con la empresa.\u00a0<\/p>\n\n\n\n<p>\u201cPor este caso no es posible que todav\u00eda siga la fiscal en su puesto con total impunidad. Junto con la empresa AMSA-ECOM y funcionarios estatales planearon e instrumentaron acciones de intimidaci\u00f3n, violencia y venganza contra una ex presidenta municipal de Ixhuatl\u00e1n del caf\u00e9 y un grupo de cafetaleros que hab\u00edan protestado por la baja arbitraria de precios del caf\u00e9 que realiz\u00f3 la empresa\u201d, se\u00f1ala el comunicado.<\/p>\n\n\n\n<p>La organizaci\u00f3n urgi\u00f3 al Gobernador Cuitl\u00e1huac Garc\u00eda Jim\u00e9nez a intervenir y con las pruebas que presentaron los acusados ante la FGE se termine el juicio y sean exonerados.\u00a0<\/p>\n\n\n\n<p>As\u00ed tambi\u00e9n hicieron un llamado al director de ECOM, Eduardo Esteve a \u201cno seguir protegiendo el abuso y corrupci\u00f3n del gerente de AMSA\u201d.<\/p>\n\n\n\n<p>Finalmente, se se\u00f1al\u00f3 que debe hacerse justicia a los cafetaleros acusados con pruebas falsas y reparar los da\u00f1os hacia sus personas y sus familias.<\/p>\n","protected":false},"excerpt":{"rendered":"<p>Dar\u00edo Pale Xalapa, Ver.- La Fiscal\u00eda General del Estado (FGE) reabrir\u00e1 la investigaci\u00f3n y recibir\u00e1 las pruebas de los acusados, esto despu\u00e9s de que el Gobierno Federal revisara las pruebas de los cafetaleros acusados por la empresa AMSA-ECOM. A trav\u00e9s de un comunicado, la Coordinadora Nacional de Organizaciones Cafetaleras (CNOC) lament\u00f3 que en casi 9 [&hellip;]<\/p>\n","protected":false},"author":2476,"featured_media":50921,"comment_status":"open","ping_status":"open","sticky":false,"template":"","format":"standard","meta":{"_jetpack_memberships_contains_paid_content":false,"footnotes":""},"categories":[2],"tags":[],"class_list":["post-50920","post","type-post","status-publish","format-standard","has-post-thumbnail","hentry","category-estado"],"jetpack_featured_media_url":"https:\/\/encuentroinformativo.com.mx\/wp-content\/uploads\/2024\/02\/IMG-20240221-WA0074.jpg","jetpack_sharing_enabled":true,"jetpack_likes_enabled":true,"amp_enabled":true,"_links":{"self":[{"href":"https:\/\/encuentroinformativo.com.mx\/index.php?rest_route=\/wp\/v2\/posts\/50920","targetHints":{"allow":["GET"]}}],"collection":[{"href":"https:\/\/encuentroinformativo.com.mx\/index.php?rest_route=\/wp\/v2\/posts"}],"about":[{"href":"https:\/\/encuentroinformativo.com.mx\/index.php?rest_route=\/wp\/v2\/types\/post"}],"author":[{"embeddable":true,"href":"https:\/\/encuentroinformativo.com.mx\/index.php?rest_route=\/wp\/v2\/users\/2476"}],"replies":[{"embeddable":true,"href":"https:\/\/encuentroinformativo.com.mx\/index.php?rest_route=%2Fwp%2Fv2%2Fcomments&post=50920"}],"version-history":[{"count":1,"href":"https:\/\/encuentroinformativo.com.mx\/index.php?rest_route=\/wp\/v2\/posts\/50920\/revisions"}],"predecessor-version":[{"id":50922,"href":"https:\/\/encuentroinformativo.com.mx\/index.php?rest_route=\/wp\/v2\/posts\/50920\/revisions\/50922"}],"wp:featuredmedia":[{"embeddable":true,"href":"https:\/\/encuentroinformativo.com.mx\/index.php?rest_route=\/wp\/v2\/media\/50921"}],"wp:attachment":[{"href":"https:\/\/encuentroinformativo.com.mx\/index.php?rest_route=%2Fwp%2Fv2%2Fmedia&parent=50920"}],"wp:term":[{"taxonomy":"category","embeddable":true,"href":"https:\/\/encuentroinformativo.com.mx\/index.php?rest_route=%2Fwp%2Fv2%2Fcategories&post=50920"},{"taxonomy":"post_tag","embeddable":true,"href":"https:\/\/encuentroinformativo.com.mx\/index.php?rest_route=%2Fwp%2Fv2%2Ftags&post=50920"}],"curies":[{"name":"wp","href":"https:\/\/api.w.org\/{rel}","templated":true}]}}