{"id":50923,"date":"2024-02-21T15:45:16","date_gmt":"2024-02-21T21:45:16","guid":{"rendered":"https:\/\/encuentroinformativo.com.mx\/?p=50923"},"modified":"2024-02-21T15:45:21","modified_gmt":"2024-02-21T21:45:21","slug":"aplicaran-reordenamiento-urbano-en-zona-de-las-trancas","status":"publish","type":"post","link":"https:\/\/encuentroinformativo.com.mx\/?p=50923","title":{"rendered":"Aplicar\u00e1n reordenamiento urbano en zona de Las Trancas"},"content":{"rendered":"\n<p><strong>Juan Arcos<\/strong><\/p>\n\n\n\n<p>Xalapa, Ver.- El alcalde de Emiliano Zapata, Erick Ruiz Hern\u00e1ndez, dio a conocer que se llevar\u00e1n a cabo acciones para el reordenamiento urbano de la zona de Las Trancas.<\/p>\n\n\n\n<p>El edil detall\u00f3 que esta situaci\u00f3n contempla el cambio de imagen y el sentido de la vialidad, para que los espacios para peatones sean m\u00e1s seguros.<\/p>\n\n\n\n<p>El funcionario municipal indic\u00f3 que cuando concluyan los trabajos de la construcci\u00f3n del Paso Superior Vehicular (PSV) se efectuar\u00e1n las adecuaciones correspondientes en Las Trancas.<\/p>\n\n\n\n<p>&#8220;Mientras estos trabajos concluyan, necesitamos valuar el sentido de las vialidades y por obvias razones tenemos puntos de conflicto donde tenemos que llegar a acuerdos con la poblaci\u00f3n y no afectar al comercio\u201d, enfatiz\u00f3.<\/p>\n\n\n\n<p>Tambi\u00e9n indic\u00f3 que es necesario marcar los pasos peatonales y supervisar que el transporte p\u00fablico no invada espacios para garantizar una mejor vialidad.<\/p>\n\n\n\n<p>Adem\u00e1s, se habla de la posibilidad de colocar reductores de velocidad en las zonas de los pasos peatonales.<\/p>\n\n\n\n<p>Ruiz Hern\u00e1ndez detall\u00f3 que se buscar\u00e1 que los recursos sean bipartita, para que haya apoyo por parte del gobierno estatal y federal.<\/p>\n\n\n\n<p>El proyecto ser\u00e1 elaborado durante este 2024, por lo que se har\u00e1n recorridos para escuchar la opini\u00f3n de los vecinos al respecto.<\/p>\n\n\n\n<p>&#8220;Las validaciones correspondientes y en este caso las emitir\u00e1 la Secretar\u00eda de Infraestructura y Obras P\u00fablicas (SIOP). Considero que tenemos este a\u00f1o para aterrizarlo, porque tenemos que ir casa por casa o local por local e ir definiendo estos espacios\u201d, remat\u00f3 el edil de Emiliano Zapata.<\/p>\n","protected":false},"excerpt":{"rendered":"<p>Juan Arcos Xalapa, Ver.- El alcalde de Emiliano Zapata, Erick Ruiz Hern\u00e1ndez, dio a conocer que se llevar\u00e1n a cabo acciones para el reordenamiento urbano de la zona de Las Trancas. El edil detall\u00f3 que esta situaci\u00f3n contempla el cambio de imagen y el sentido de la vialidad, para que los espacios para peatones sean [&hellip;]<\/p>\n","protected":false},"author":2476,"featured_media":50924,"comment_status":"open","ping_status":"open","sticky":false,"template":"","format":"standard","meta":{"_jetpack_memberships_contains_paid_content":false,"footnotes":""},"categories":[8],"tags":[],"class_list":["post-50923","post","type-post","status-publish","format-standard","has-post-thumbnail","hentry","category-region"],"jetpack_featured_media_url":"https:\/\/encuentroinformativo.com.mx\/wp-content\/uploads\/2024\/02\/IMG_9370.jpg","jetpack_sharing_enabled":true,"jetpack_likes_enabled":true,"amp_enabled":true,"_links":{"self":[{"href":"https:\/\/encuentroinformativo.com.mx\/index.php?rest_route=\/wp\/v2\/posts\/50923","targetHints":{"allow":["GET"]}}],"collection":[{"href":"https:\/\/encuentroinformativo.com.mx\/index.php?rest_route=\/wp\/v2\/posts"}],"about":[{"href":"https:\/\/encuentroinformativo.com.mx\/index.php?rest_route=\/wp\/v2\/types\/post"}],"author":[{"embeddable":true,"href":"https:\/\/encuentroinformativo.com.mx\/index.php?rest_route=\/wp\/v2\/users\/2476"}],"replies":[{"embeddable":true,"href":"https:\/\/encuentroinformativo.com.mx\/index.php?rest_route=%2Fwp%2Fv2%2Fcomments&post=50923"}],"version-history":[{"count":1,"href":"https:\/\/encuentroinformativo.com.mx\/index.php?rest_route=\/wp\/v2\/posts\/50923\/revisions"}],"predecessor-version":[{"id":50925,"href":"https:\/\/encuentroinformativo.com.mx\/index.php?rest_route=\/wp\/v2\/posts\/50923\/revisions\/50925"}],"wp:featuredmedia":[{"embeddable":true,"href":"https:\/\/encuentroinformativo.com.mx\/index.php?rest_route=\/wp\/v2\/media\/50924"}],"wp:attachment":[{"href":"https:\/\/encuentroinformativo.com.mx\/index.php?rest_route=%2Fwp%2Fv2%2Fmedia&parent=50923"}],"wp:term":[{"taxonomy":"category","embeddable":true,"href":"https:\/\/encuentroinformativo.com.mx\/index.php?rest_route=%2Fwp%2Fv2%2Fcategories&post=50923"},{"taxonomy":"post_tag","embeddable":true,"href":"https:\/\/encuentroinformativo.com.mx\/index.php?rest_route=%2Fwp%2Fv2%2Ftags&post=50923"}],"curies":[{"name":"wp","href":"https:\/\/api.w.org\/{rel}","templated":true}]}}