{"id":50926,"date":"2024-02-21T15:55:30","date_gmt":"2024-02-21T21:55:30","guid":{"rendered":"https:\/\/encuentroinformativo.com.mx\/?p=50926"},"modified":"2024-02-21T15:55:36","modified_gmt":"2024-02-21T21:55:36","slug":"en-breve-inicia-rehabilitacion-de-la-calle-de-lucio-anuncia-alcalde","status":"publish","type":"post","link":"https:\/\/encuentroinformativo.com.mx\/?p=50926","title":{"rendered":"En breve inicia rehabilitaci\u00f3n de la calle de Lucio, anuncia Alcalde"},"content":{"rendered":"\n<p><strong>Dar\u00edo Pale <\/strong><\/p>\n\n\n\n<p>Xalapa, Ver.- El presidente municipal de Xalapa, Ricardo Ahued Bardahuil dio a conocer que en los pr\u00f3ximos d\u00edas el Ayuntamiento iniciar\u00e1 los trabajos de rehabilitaci\u00f3n en la calle Lucio; se estima que el proyecto dure alrededor de seis meses.<\/p>\n\n\n\n<p>En entrevista reconoci\u00f3 que la obra podr\u00eda desestabilizar el comercio en la zona por lo que el contrato se condicionar\u00e1 a que las labores sean mayormente nocturnas.<\/p>\n\n\n\n<p>En ese sentido, coment\u00f3 que el proceso de licitaci\u00f3n est\u00e1 concluido por lo que en estos d\u00edas se pondr\u00e1n en marcha las acciones.<\/p>\n\n\n\n<p>\u201cYa se est\u00e1 a punto de que se firme contrato. Yo creo que esta semana sube su comit\u00e9 y firman contrato toda vez que entreguen fianza los contratistas y a dar lata en el centro; luego me van a empezar a criticar\u201d, se\u00f1al\u00f3.<\/p>\n\n\n\n<p>Al respecto detall\u00f3 que el proyecto ejecutivo es de 180 d\u00edas, aunque por las caracter\u00edsticas de los trabajos e incluso ante las condiciones clim\u00e1ticas, el tiempo de construcci\u00f3n podr\u00eda extenderse.<\/p>\n\n\n\n<p>Y es que implica, dijo, cambiar bases, drenajes, agua potable y banquetas, \u201cesa calle tiene un problema de mucha fuga interna, tanto de drenaje como de agua\u201d.<\/p>\n\n\n\n<p>\u201cEs muy vieja la instalaci\u00f3n, en otras administraciones hicieron muy buena labor, tanto Hip\u00f3lito en la de Revoluci\u00f3n, creo que Am\u00e9rico hizo la de Lucio y aqu\u00ed en el centro y nos falta la de Lucio para arriba, para darle continuidad\u201d, coment\u00f3.<\/p>\n\n\n\n<p>Por lo anterior, reiter\u00f3 que, a fin de no ocasionar afectaciones al comercio de la zona, habr\u00e1 especificaciones en el contrato.<\/p>\n\n\n\n<p>Por \u00faltimo se\u00f1al\u00f3 que, &#8220;se pedir\u00e1 a la constructora que trabajen de noche y que se deje de cosas porque el comercio se va a afectar; que le \u00b4meta\u2019 de noche porque es cuando no hay vialidad y pueden venir los camiones para retirar todo, s\u00ed les vamos a exigir que trabajen de noche\u201d.<\/p>\n","protected":false},"excerpt":{"rendered":"<p>Dar\u00edo Pale Xalapa, Ver.- El presidente municipal de Xalapa, Ricardo Ahued Bardahuil dio a conocer que en los pr\u00f3ximos d\u00edas el Ayuntamiento iniciar\u00e1 los trabajos de rehabilitaci\u00f3n en la calle Lucio; se estima que el proyecto dure alrededor de seis meses. En entrevista reconoci\u00f3 que la obra podr\u00eda desestabilizar el comercio en la zona por [&hellip;]<\/p>\n","protected":false},"author":2476,"featured_media":50927,"comment_status":"open","ping_status":"open","sticky":false,"template":"","format":"standard","meta":{"_jetpack_memberships_contains_paid_content":false,"footnotes":""},"categories":[3],"tags":[],"class_list":["post-50926","post","type-post","status-publish","format-standard","has-post-thumbnail","hentry","category-xalapa"],"jetpack_featured_media_url":"https:\/\/encuentroinformativo.com.mx\/wp-content\/uploads\/2024\/02\/Screenshot_20240221-141128.png","jetpack_sharing_enabled":true,"jetpack_likes_enabled":true,"amp_enabled":true,"_links":{"self":[{"href":"https:\/\/encuentroinformativo.com.mx\/index.php?rest_route=\/wp\/v2\/posts\/50926","targetHints":{"allow":["GET"]}}],"collection":[{"href":"https:\/\/encuentroinformativo.com.mx\/index.php?rest_route=\/wp\/v2\/posts"}],"about":[{"href":"https:\/\/encuentroinformativo.com.mx\/index.php?rest_route=\/wp\/v2\/types\/post"}],"author":[{"embeddable":true,"href":"https:\/\/encuentroinformativo.com.mx\/index.php?rest_route=\/wp\/v2\/users\/2476"}],"replies":[{"embeddable":true,"href":"https:\/\/encuentroinformativo.com.mx\/index.php?rest_route=%2Fwp%2Fv2%2Fcomments&post=50926"}],"version-history":[{"count":1,"href":"https:\/\/encuentroinformativo.com.mx\/index.php?rest_route=\/wp\/v2\/posts\/50926\/revisions"}],"predecessor-version":[{"id":50928,"href":"https:\/\/encuentroinformativo.com.mx\/index.php?rest_route=\/wp\/v2\/posts\/50926\/revisions\/50928"}],"wp:featuredmedia":[{"embeddable":true,"href":"https:\/\/encuentroinformativo.com.mx\/index.php?rest_route=\/wp\/v2\/media\/50927"}],"wp:attachment":[{"href":"https:\/\/encuentroinformativo.com.mx\/index.php?rest_route=%2Fwp%2Fv2%2Fmedia&parent=50926"}],"wp:term":[{"taxonomy":"category","embeddable":true,"href":"https:\/\/encuentroinformativo.com.mx\/index.php?rest_route=%2Fwp%2Fv2%2Fcategories&post=50926"},{"taxonomy":"post_tag","embeddable":true,"href":"https:\/\/encuentroinformativo.com.mx\/index.php?rest_route=%2Fwp%2Fv2%2Ftags&post=50926"}],"curies":[{"name":"wp","href":"https:\/\/api.w.org\/{rel}","templated":true}]}}