{"id":50942,"date":"2024-02-22T11:21:52","date_gmt":"2024-02-22T17:21:52","guid":{"rendered":"https:\/\/encuentroinformativo.com.mx\/?p=50942"},"modified":"2024-02-22T11:21:57","modified_gmt":"2024-02-22T17:21:57","slug":"por-segundo-dia-mantienen-padres-protesta-en-cbtis-13","status":"publish","type":"post","link":"https:\/\/encuentroinformativo.com.mx\/?p=50942","title":{"rendered":"Por segundo d\u00eda, mantienen padres protesta en CBTIS 13"},"content":{"rendered":"\n<p><strong>Dar\u00edo Pale <\/strong><\/p>\n\n\n\n<p>Xalapa, Ver.- El paro y toma de instalaciones del CBTIS 13 cumple su segundo d\u00eda, sin que hasta el momento alguna autoridad intervenga, los padres de familia llevan semanas exigiendo una asamblea extraordinaria para transparentar el uso de los recursos por m\u00e1s de 5 millones de pesos, &#8220;pero no sabemos qui\u00e9n la protege&#8221;.<\/p>\n\n\n\n<p>En entrevista Esteban Pablo Rodr\u00edguez Ortega, delegado de la Asociaci\u00f3n Nacional de Padres de Familia para el Estado se\u00f1al\u00f3 que, &#8220;sigue en su postura de autoritarismo, no sabemos por qui\u00e9n est\u00e1 protegida, a lo mejor por Daniel Ruiz Olmos o desde M\u00e9xico de la DGETI, porque la se\u00f1ora se siente muy segura de que no se le va a hacer nada&#8221;.<\/p>\n\n\n\n<p>Explic\u00f3 que la idea de solicitar una asamblea extraordinaria no es para perjudicar a la directora Dalia P\u00e9rez, sino que se elija a la presidenta y secretaria del Comit\u00e9 que fueron destituidas.<\/p>\n\n\n\n<p>El inconforme indic\u00f3 que no se ir\u00e1n hasta que les resuelvan sus demandas, adem\u00e1s de que les dijeron que hoy personal de DGETI se comunicar\u00eda con los padres de familia.<\/p>\n\n\n\n<p>Por \u00faltimo aclar\u00f3 que los padres de familia durmieron afuera del CBTIS e invit\u00f3 a todos aquellos padres que desconocen lo que est\u00e1 pasando, a que se acerquen con la tesorera, quien ha sido la \u00fanica que se ha atrevido a denunciar los presuntos malos manejos de los recursos de las cuotas escolares.<\/p>\n\n\n\n<figure class=\"wp-block-image size-large\"><img loading=\"lazy\" decoding=\"async\" width=\"1024\" height=\"576\" src=\"https:\/\/encuentroinformativo.com.mx\/wp-content\/uploads\/2024\/02\/IMG-20240222-WA0006-1024x576.jpg\" alt=\"\" class=\"wp-image-50944\" srcset=\"https:\/\/encuentroinformativo.com.mx\/wp-content\/uploads\/2024\/02\/IMG-20240222-WA0006-1024x576.jpg 1024w, https:\/\/encuentroinformativo.com.mx\/wp-content\/uploads\/2024\/02\/IMG-20240222-WA0006-300x169.jpg 300w, https:\/\/encuentroinformativo.com.mx\/wp-content\/uploads\/2024\/02\/IMG-20240222-WA0006-768x432.jpg 768w, https:\/\/encuentroinformativo.com.mx\/wp-content\/uploads\/2024\/02\/IMG-20240222-WA0006-1536x864.jpg 1536w, https:\/\/encuentroinformativo.com.mx\/wp-content\/uploads\/2024\/02\/IMG-20240222-WA0006.jpg 1599w\" sizes=\"auto, (max-width: 1024px) 100vw, 1024px\" \/><\/figure>\n","protected":false},"excerpt":{"rendered":"<p>Dar\u00edo Pale Xalapa, Ver.- El paro y toma de instalaciones del CBTIS 13 cumple su segundo d\u00eda, sin que hasta el momento alguna autoridad intervenga, los padres de familia llevan semanas exigiendo una asamblea extraordinaria para transparentar el uso de los recursos por m\u00e1s de 5 millones de pesos, &#8220;pero no sabemos qui\u00e9n la protege&#8221;. [&hellip;]<\/p>\n","protected":false},"author":2476,"featured_media":50943,"comment_status":"open","ping_status":"open","sticky":false,"template":"","format":"standard","meta":{"_jetpack_memberships_contains_paid_content":false,"footnotes":""},"categories":[3],"tags":[],"class_list":["post-50942","post","type-post","status-publish","format-standard","has-post-thumbnail","hentry","category-xalapa"],"jetpack_featured_media_url":"https:\/\/encuentroinformativo.com.mx\/wp-content\/uploads\/2024\/02\/IMG-20240222-WA00132.jpg","jetpack_sharing_enabled":true,"jetpack_likes_enabled":true,"amp_enabled":true,"_links":{"self":[{"href":"https:\/\/encuentroinformativo.com.mx\/index.php?rest_route=\/wp\/v2\/posts\/50942","targetHints":{"allow":["GET"]}}],"collection":[{"href":"https:\/\/encuentroinformativo.com.mx\/index.php?rest_route=\/wp\/v2\/posts"}],"about":[{"href":"https:\/\/encuentroinformativo.com.mx\/index.php?rest_route=\/wp\/v2\/types\/post"}],"author":[{"embeddable":true,"href":"https:\/\/encuentroinformativo.com.mx\/index.php?rest_route=\/wp\/v2\/users\/2476"}],"replies":[{"embeddable":true,"href":"https:\/\/encuentroinformativo.com.mx\/index.php?rest_route=%2Fwp%2Fv2%2Fcomments&post=50942"}],"version-history":[{"count":1,"href":"https:\/\/encuentroinformativo.com.mx\/index.php?rest_route=\/wp\/v2\/posts\/50942\/revisions"}],"predecessor-version":[{"id":50945,"href":"https:\/\/encuentroinformativo.com.mx\/index.php?rest_route=\/wp\/v2\/posts\/50942\/revisions\/50945"}],"wp:featuredmedia":[{"embeddable":true,"href":"https:\/\/encuentroinformativo.com.mx\/index.php?rest_route=\/wp\/v2\/media\/50943"}],"wp:attachment":[{"href":"https:\/\/encuentroinformativo.com.mx\/index.php?rest_route=%2Fwp%2Fv2%2Fmedia&parent=50942"}],"wp:term":[{"taxonomy":"category","embeddable":true,"href":"https:\/\/encuentroinformativo.com.mx\/index.php?rest_route=%2Fwp%2Fv2%2Fcategories&post=50942"},{"taxonomy":"post_tag","embeddable":true,"href":"https:\/\/encuentroinformativo.com.mx\/index.php?rest_route=%2Fwp%2Fv2%2Ftags&post=50942"}],"curies":[{"name":"wp","href":"https:\/\/api.w.org\/{rel}","templated":true}]}}