{"id":50949,"date":"2024-02-22T14:01:10","date_gmt":"2024-02-22T20:01:10","guid":{"rendered":"https:\/\/encuentroinformativo.com.mx\/?p=50949"},"modified":"2024-02-22T14:01:18","modified_gmt":"2024-02-22T20:01:18","slug":"tras-protestas-logran-11-acuerdos-estudiantes-del-tecnologico","status":"publish","type":"post","link":"https:\/\/encuentroinformativo.com.mx\/?p=50949","title":{"rendered":"Tras protestas, logran 11 acuerdos estudiantes del Tecnol\u00f3gico"},"content":{"rendered":"\n<p><strong>Juan Arcos <\/strong><\/p>\n\n\n\n<p>Xalapa, Ver.- Los estudiantes del Instituto Tecnol\u00f3gico Superior de Xalapa (ITSX) lograron acuerdos con las autoridades para la atenci\u00f3n de sus principales necesidades, luego de varios d\u00edas de protestas en la capital del estado.<\/p>\n\n\n\n<p>El pasado martes 20 de febrero, los j\u00f3venes se reunieron con los directivos del plantel y representantes de la Direcci\u00f3n General de Pol\u00edtica Regional, que depende de la Secretar\u00eda de Gobierno.<\/p>\n\n\n\n<p>Despu\u00e9s de agotar el di\u00e1logo, se firm\u00f3 una minuta de trabajo donde quedaron establecidos 11 puntos que ser\u00e1n atendidos por las autoridades del ITSX.<\/p>\n\n\n\n<p>Qued\u00f3 asentado que no existir\u00e1 ning\u00fan tipo de represalia en contra de ning\u00fan alumno del Tecnol\u00f3gico de Xalapa que haya participado en las manifestaciones.<\/p>\n\n\n\n<p>Las autoridades se comprometieron a que los ba\u00f1os del ITSX quedar\u00e1n habilitados en su totalidad para el pr\u00f3ximo 1 de marzo. Adem\u00e1s, el 3 de marzo, a las 10:00 horas, se llevar\u00e1 a cabo un conversatorio orientado a representantes de las 10 carreras y otro a las 15:00 horas en el auditorio.<\/p>\n\n\n\n<p>Tambi\u00e9n se informar\u00e1 a la comunidad estudiantil sobre los planes y programas de estudio de manera oportuna en la p\u00e1gina oficial por lo que ante cualquier duda acudir\u00e1n a sus jefaturas de carrera, quienes en el momento oportuno ser\u00e1n atendidos.<\/p>\n\n\n\n<p>Se otorgar\u00e1n 150 becas (condonaci\u00f3n de inscripci\u00f3n), 100 para el sector vulnerable y 50 para los alumnos de mejor promedio que ser\u00e1n reportados por el \u00e1rea acad\u00e9mica.<\/p>\n\n\n\n<p>Se instalar\u00e1 un botiqu\u00edn de primeros auxilios por edifico surtido de vendas, agua oxigenada, alcohol, tela adhesiva y curitas, a m\u00e1s tardar el d\u00eda 15 de marzo.<\/p>\n\n\n\n<p>Asimismo, se acord\u00f3 la realizaci\u00f3n de un an\u00e1lisis econ\u00f3mico para llevar a cabo la instalaci\u00f3n de bancas en las \u00e1reas deportivas, a partir del d\u00eda 15 de marzo, as\u00ed como el levantamiento t\u00e9cnico y la revisi\u00f3n estructural por parte de Protecci\u00f3n Civil, para realizar las mejoras en las instalaciones del ITSX.<\/p>\n\n\n\n<p>Los estudiantes consiguieron que se realicen las gestiones correspondientes ante el Instituto de Espacios Educativos para llevar a cabo la construcci\u00f3n de nuevas aulas dentro del plantel, as\u00ed como para la adquisici\u00f3n de mobiliario nuevo para los estudiantes.<\/p>\n\n\n\n<p>Adem\u00e1s, se solicitar\u00e1 ante el Tecnol\u00f3gico Nacional de M\u00e9xico la extensi\u00f3n del tiempo en el cual el estudiante podr\u00e1 dejar de estudiar ingl\u00e9s.<\/p>\n\n\n\n<p>Tambi\u00e9n se gestionar\u00e1 la habilitaci\u00f3n de la red de internet con la finalidad de hacer las adecuaciones correspondientes e instalaciones requeridas y se alquilar\u00e1n proyectores para las aulas de manera gradual atendiendo los procesos de adquisiciones que marca la ley.<\/p>\n\n\n\n<p>La minuta se elabor\u00f3 y se firm\u00f3 sin ning\u00fan tipo de coacci\u00f3n o presi\u00f3n, quedando en total conformidad con los acuerdos tomados por las partes involucradas.<\/p>\n","protected":false},"excerpt":{"rendered":"<p>Juan Arcos Xalapa, Ver.- Los estudiantes del Instituto Tecnol\u00f3gico Superior de Xalapa (ITSX) lograron acuerdos con las autoridades para la atenci\u00f3n de sus principales necesidades, luego de varios d\u00edas de protestas en la capital del estado. El pasado martes 20 de febrero, los j\u00f3venes se reunieron con los directivos del plantel y representantes de la [&hellip;]<\/p>\n","protected":false},"author":2476,"featured_media":50950,"comment_status":"open","ping_status":"open","sticky":false,"template":"","format":"standard","meta":{"_jetpack_memberships_contains_paid_content":false,"footnotes":""},"categories":[3],"tags":[],"class_list":["post-50949","post","type-post","status-publish","format-standard","has-post-thumbnail","hentry","category-xalapa"],"jetpack_featured_media_url":"https:\/\/encuentroinformativo.com.mx\/wp-content\/uploads\/2024\/02\/IMG_0807.jpg","jetpack_sharing_enabled":true,"jetpack_likes_enabled":true,"amp_enabled":true,"_links":{"self":[{"href":"https:\/\/encuentroinformativo.com.mx\/index.php?rest_route=\/wp\/v2\/posts\/50949","targetHints":{"allow":["GET"]}}],"collection":[{"href":"https:\/\/encuentroinformativo.com.mx\/index.php?rest_route=\/wp\/v2\/posts"}],"about":[{"href":"https:\/\/encuentroinformativo.com.mx\/index.php?rest_route=\/wp\/v2\/types\/post"}],"author":[{"embeddable":true,"href":"https:\/\/encuentroinformativo.com.mx\/index.php?rest_route=\/wp\/v2\/users\/2476"}],"replies":[{"embeddable":true,"href":"https:\/\/encuentroinformativo.com.mx\/index.php?rest_route=%2Fwp%2Fv2%2Fcomments&post=50949"}],"version-history":[{"count":1,"href":"https:\/\/encuentroinformativo.com.mx\/index.php?rest_route=\/wp\/v2\/posts\/50949\/revisions"}],"predecessor-version":[{"id":50951,"href":"https:\/\/encuentroinformativo.com.mx\/index.php?rest_route=\/wp\/v2\/posts\/50949\/revisions\/50951"}],"wp:featuredmedia":[{"embeddable":true,"href":"https:\/\/encuentroinformativo.com.mx\/index.php?rest_route=\/wp\/v2\/media\/50950"}],"wp:attachment":[{"href":"https:\/\/encuentroinformativo.com.mx\/index.php?rest_route=%2Fwp%2Fv2%2Fmedia&parent=50949"}],"wp:term":[{"taxonomy":"category","embeddable":true,"href":"https:\/\/encuentroinformativo.com.mx\/index.php?rest_route=%2Fwp%2Fv2%2Fcategories&post=50949"},{"taxonomy":"post_tag","embeddable":true,"href":"https:\/\/encuentroinformativo.com.mx\/index.php?rest_route=%2Fwp%2Fv2%2Ftags&post=50949"}],"curies":[{"name":"wp","href":"https:\/\/api.w.org\/{rel}","templated":true}]}}