{"id":5096,"date":"2020-08-20T14:24:14","date_gmt":"2020-08-20T19:24:14","guid":{"rendered":"https:\/\/encuentroinformativo.com\/?p=5096"},"modified":"2020-08-20T14:24:17","modified_gmt":"2020-08-20T19:24:17","slug":"docentes-no-creian-en-covid-reconoce-sindicato","status":"publish","type":"post","link":"https:\/\/encuentroinformativo.com.mx\/?p=5096","title":{"rendered":"Docentes no cre\u00edan en Covid, reconoce sindicato"},"content":{"rendered":"\n<p><strong>Juan Arcos <\/strong><\/p>\n\n\n\n<p>Xalapa, Ver.- Algunos maestros contrajeron el SARS-COV-2 (COVID-19), debido a que, en primera instancia, no cre\u00edan que la enfermedad fuera una realidad.<\/p>\n\n\n\n<p>As\u00ed lo dio a conocer Ram\u00f3n Dom\u00ednguez Polo, secretario general del Sindicato Magisterial Veracruzano (SMV), quien a\u00f1adi\u00f3 que al interior de esta organizaci\u00f3n sindical solo un docente dio positivo hace dos meses, pero afortunadamente logr\u00f3 recuperarse.<\/p>\n\n\n\n<p>\u201cSe enferm\u00f3 pero gracias a Dios la libr\u00f3. Entr\u00f3 a tiempo al hospital y gracias a Dios la libr\u00f3\u201d, mencion\u00f3.<\/p>\n\n\n\n<p>Este caso ocurri\u00f3 en el municipio de Poza Rica, al norte de la entidad, donde las autoridades sanitarias reportan m\u00e1s de mil 200 casos positivos y 169 defunciones.<\/p>\n\n\n\n<p>El l\u00edder sindical coment\u00f3 que algunos agremiados se negaban a creer que el virus era real y, por ello, al inicio de la pandemia, en marzo pasado, no acataron las medidas sanitarias.<\/p>\n\n\n\n<p>\u201cNo lo cre\u00edan en un principio pero ahorita ya todo mundo toma sus precauciones, ya vieron que se fue el vecino, el familiar o el conocido (fallecidos), ya ponen m\u00e1s atenci\u00f3n al tema\u201d.<\/p>\n\n\n\n<p>El entrevistado refiri\u00f3 que no se han reportado m\u00e1s casos confirmados de coronavirus al interior del Sindicato Magisterial Veracruzano.<\/p>\n\n\n\n<p>Cabe recordar que agremiados de otros sindicatos s\u00ed han dado positivo a COVID-19, incluso, algunos han fallecido a causa de esta enfermedad.<\/p>\n\n\n\n<p>Foto: Redes Sociales <\/p>\n","protected":false},"excerpt":{"rendered":"<p>Juan Arcos Xalapa, Ver.- Algunos maestros contrajeron el SARS-COV-2 (COVID-19), debido a que, en primera instancia, no cre\u00edan que la enfermedad fuera una realidad. As\u00ed lo dio a conocer Ram\u00f3n Dom\u00ednguez Polo, secretario general del Sindicato Magisterial Veracruzano (SMV), quien a\u00f1adi\u00f3 que al interior de esta organizaci\u00f3n sindical solo un docente dio positivo hace dos [&hellip;]<\/p>\n","protected":false},"author":1,"featured_media":5097,"comment_status":"open","ping_status":"open","sticky":false,"template":"","format":"standard","meta":{"_jetpack_memberships_contains_paid_content":false,"footnotes":""},"categories":[9],"tags":[],"class_list":["post-5096","post","type-post","status-publish","format-standard","has-post-thumbnail","hentry","category-salud"],"jetpack_featured_media_url":"https:\/\/encuentroinformativo.com.mx\/wp-content\/uploads\/2020\/08\/A52ABDBB-F195-4949-A375-9B50E6F5EA89.jpeg","jetpack_sharing_enabled":true,"jetpack_likes_enabled":true,"amp_enabled":true,"_links":{"self":[{"href":"https:\/\/encuentroinformativo.com.mx\/index.php?rest_route=\/wp\/v2\/posts\/5096","targetHints":{"allow":["GET"]}}],"collection":[{"href":"https:\/\/encuentroinformativo.com.mx\/index.php?rest_route=\/wp\/v2\/posts"}],"about":[{"href":"https:\/\/encuentroinformativo.com.mx\/index.php?rest_route=\/wp\/v2\/types\/post"}],"author":[{"embeddable":true,"href":"https:\/\/encuentroinformativo.com.mx\/index.php?rest_route=\/wp\/v2\/users\/1"}],"replies":[{"embeddable":true,"href":"https:\/\/encuentroinformativo.com.mx\/index.php?rest_route=%2Fwp%2Fv2%2Fcomments&post=5096"}],"version-history":[{"count":1,"href":"https:\/\/encuentroinformativo.com.mx\/index.php?rest_route=\/wp\/v2\/posts\/5096\/revisions"}],"predecessor-version":[{"id":5098,"href":"https:\/\/encuentroinformativo.com.mx\/index.php?rest_route=\/wp\/v2\/posts\/5096\/revisions\/5098"}],"wp:featuredmedia":[{"embeddable":true,"href":"https:\/\/encuentroinformativo.com.mx\/index.php?rest_route=\/wp\/v2\/media\/5097"}],"wp:attachment":[{"href":"https:\/\/encuentroinformativo.com.mx\/index.php?rest_route=%2Fwp%2Fv2%2Fmedia&parent=5096"}],"wp:term":[{"taxonomy":"category","embeddable":true,"href":"https:\/\/encuentroinformativo.com.mx\/index.php?rest_route=%2Fwp%2Fv2%2Fcategories&post=5096"},{"taxonomy":"post_tag","embeddable":true,"href":"https:\/\/encuentroinformativo.com.mx\/index.php?rest_route=%2Fwp%2Fv2%2Ftags&post=5096"}],"curies":[{"name":"wp","href":"https:\/\/api.w.org\/{rel}","templated":true}]}}