{"id":50964,"date":"2024-02-22T14:47:19","date_gmt":"2024-02-22T20:47:19","guid":{"rendered":"https:\/\/encuentroinformativo.com.mx\/?p=50964"},"modified":"2024-02-22T14:47:24","modified_gmt":"2024-02-22T20:47:24","slug":"refuerza-gobierno-busqueda-de-campesinos-desaparecidos-en-actopan","status":"publish","type":"post","link":"https:\/\/encuentroinformativo.com.mx\/?p=50964","title":{"rendered":"Refuerza Gobierno b\u00fasqueda de campesinos desaparecidos en Actopan"},"content":{"rendered":"\n<p><strong>Dar\u00edo Pale <\/strong><\/p>\n\n\n\n<p>Xalapa, Ver.- Confirma el gobernador Cuitl\u00e1huac Garc\u00eda Jim\u00e9nez la desaparici\u00f3n de 5 personas en Actopan, por lo que se reforz\u00f3 su b\u00fasqueda en dicho municipio.<\/p>\n\n\n\n<p>En conferencia de prensa reconoci\u00f3 que se reforz\u00f3 la b\u00fasqueda de las 5 personas que desaparecieron en Actopan los cuales son los siguientes:<\/p>\n\n\n\n<p>Lorenzo Ortiz B\u00e1ez, de 41 a\u00f1os; Jos\u00e9 Juan Montiel Cervantes, de 49; Rafael Montiel Cervantes, de 56; Jes\u00fas Cervantes Grajales, de 58 y David Hern\u00e1ndez Aguilar, de 64, de acuerdo con sus familiares.<\/p>\n\n\n\n<p>Garc\u00eda Jim\u00e9nez, precis\u00f3 que desde los hechos y en coordinaci\u00f3n con las instancias estatales &#8220;nosotros entramos a reforzar con la Fiscal\u00eda&#8221;.<\/p>\n\n\n\n<p>Se neg\u00f3 a precisar sobre la l\u00ednea que se investiga por la desaparici\u00f3n de las 5 personas.<\/p>\n\n\n\n<p>&#8220;Ahorita \u00a0lo que importa es localizarlos y es lo que interesa. Apoyar en la b\u00fasqueda&#8221;, se\u00f1al\u00f3.<\/p>\n\n\n\n<p>Cabe recordar que el pasado 15 de febrero, las cinco personas, hoy desaparecidos, \u00a0fueron citados para tratar un conflicto de terrenos entre particulares ante la Fiscal\u00eda, en Veracruz.<\/p>\n\n\n\n<p>Lo \u00faltimo que se sabe de ellos es que al parecer llegaron al lugar, pues sus veh\u00edculos fueron encontrados en las inmediaciones de esas oficinas.<\/p>\n","protected":false},"excerpt":{"rendered":"<p>Dar\u00edo Pale Xalapa, Ver.- Confirma el gobernador Cuitl\u00e1huac Garc\u00eda Jim\u00e9nez la desaparici\u00f3n de 5 personas en Actopan, por lo que se reforz\u00f3 su b\u00fasqueda en dicho municipio. En conferencia de prensa reconoci\u00f3 que se reforz\u00f3 la b\u00fasqueda de las 5 personas que desaparecieron en Actopan los cuales son los siguientes: Lorenzo Ortiz B\u00e1ez, de 41 [&hellip;]<\/p>\n","protected":false},"author":2476,"featured_media":50965,"comment_status":"open","ping_status":"open","sticky":false,"template":"","format":"standard","meta":{"_jetpack_memberships_contains_paid_content":false,"footnotes":""},"categories":[8],"tags":[],"class_list":["post-50964","post","type-post","status-publish","format-standard","has-post-thumbnail","hentry","category-region"],"jetpack_featured_media_url":"https:\/\/encuentroinformativo.com.mx\/wp-content\/uploads\/2024\/02\/IMG-20240222-WA0056.jpg","jetpack_sharing_enabled":true,"jetpack_likes_enabled":true,"amp_enabled":true,"_links":{"self":[{"href":"https:\/\/encuentroinformativo.com.mx\/index.php?rest_route=\/wp\/v2\/posts\/50964","targetHints":{"allow":["GET"]}}],"collection":[{"href":"https:\/\/encuentroinformativo.com.mx\/index.php?rest_route=\/wp\/v2\/posts"}],"about":[{"href":"https:\/\/encuentroinformativo.com.mx\/index.php?rest_route=\/wp\/v2\/types\/post"}],"author":[{"embeddable":true,"href":"https:\/\/encuentroinformativo.com.mx\/index.php?rest_route=\/wp\/v2\/users\/2476"}],"replies":[{"embeddable":true,"href":"https:\/\/encuentroinformativo.com.mx\/index.php?rest_route=%2Fwp%2Fv2%2Fcomments&post=50964"}],"version-history":[{"count":1,"href":"https:\/\/encuentroinformativo.com.mx\/index.php?rest_route=\/wp\/v2\/posts\/50964\/revisions"}],"predecessor-version":[{"id":50966,"href":"https:\/\/encuentroinformativo.com.mx\/index.php?rest_route=\/wp\/v2\/posts\/50964\/revisions\/50966"}],"wp:featuredmedia":[{"embeddable":true,"href":"https:\/\/encuentroinformativo.com.mx\/index.php?rest_route=\/wp\/v2\/media\/50965"}],"wp:attachment":[{"href":"https:\/\/encuentroinformativo.com.mx\/index.php?rest_route=%2Fwp%2Fv2%2Fmedia&parent=50964"}],"wp:term":[{"taxonomy":"category","embeddable":true,"href":"https:\/\/encuentroinformativo.com.mx\/index.php?rest_route=%2Fwp%2Fv2%2Fcategories&post=50964"},{"taxonomy":"post_tag","embeddable":true,"href":"https:\/\/encuentroinformativo.com.mx\/index.php?rest_route=%2Fwp%2Fv2%2Ftags&post=50964"}],"curies":[{"name":"wp","href":"https:\/\/api.w.org\/{rel}","templated":true}]}}