{"id":50967,"date":"2024-02-22T14:55:37","date_gmt":"2024-02-22T20:55:37","guid":{"rendered":"https:\/\/encuentroinformativo.com.mx\/?p=50967"},"modified":"2024-02-22T14:55:42","modified_gmt":"2024-02-22T20:55:42","slug":"ofrecen-70-vacantes-en-feria-del-empleo-en-parque-juarez","status":"publish","type":"post","link":"https:\/\/encuentroinformativo.com.mx\/?p=50967","title":{"rendered":"Ofrecen 70 vacantes en Feria del Empleo en parque Ju\u00e1rez"},"content":{"rendered":"\n<p><strong>Dar\u00edo Pale<\/strong><\/p>\n\n\n\n<p>Xalapa, Ver.- Se realiza la Primera Feria del Empleo de Xalapa, donde 16 empresas de la regi\u00f3n ofertan m\u00e1s de 70 plazas, solo se dar\u00e1 cobertura a una m\u00ednima parte de los solicitantes, as\u00ed lo dio a conocer Alberto Aguilar, responsable de la organizaci\u00f3n de este evento y del \u00e1rea de Recursos Humanos de conocida marca refresquera transnacional.<\/p>\n\n\n\n<p>En entrevista se\u00f1al\u00f3 que, con la participaci\u00f3n de 16 empresas de la regi\u00f3n se realiz\u00f3 este jueves la Primera Gran Feria del Empleo de Xalapa, en d\u00f3nde fueron ofertadas m\u00e1s de 70 vacantes de puestos operativos, administrativos y de diversos giros de empresas refresqueras, restaurantes, de servicios, de comunicaciones e internet, maquiladoras, y tiendas de conveniencia, as\u00ed como del ramo cafetalero, entre otras.<\/p>\n\n\n\n<p>Se \u00a0dio una gran afluencia de j\u00f3venes que buscan ser incluidos en las \u00e1reas laborales que est\u00e1n a su disposici\u00f3n.\u00a0<\/p>\n\n\n\n<p>&#8220;Hemos tenido una tendencia entre j\u00f3venes y adultos, pero preferentemente m\u00e1s j\u00f3venes que est\u00e1n buscando una oportunidad de emplearse en est\u00e1s empresas\u201d, se\u00f1al\u00f3.<\/p>\n\n\n\n<p>Mencion\u00f3 que para su contrataci\u00f3n, el \u00fanico requisito que se les est\u00e1 pidiendo es llenar una solicitud de empleo y documentos que los identifique y que amparen sus estudios realizados, y se emplear\u00e1n de acuerdo a las plazas laborales ofertadas, pues la afluencia de solicitantes es mucha, y sin pocas las plazas ofertadas.<\/p>\n\n\n\n<p>Alberto Aguilar, resalt\u00f3 que hasta el momento se han acercado alrededor de 200 personas a solicitar informaci\u00f3n, ya que en su mayor\u00eda han sido m\u00e1s los j\u00f3venes interesados.\u00a0<\/p>\n\n\n\n<p>Coment\u00f3 que continuar\u00e1n realizando estos eventos en pro de la ciudadan\u00eda y brindando seguridad de que estas empresas son formales y cumplen con lo que ofrecen.<\/p>\n\n\n\n<p>\u201cHay mucha desconfianza de los j\u00f3venes que dicen no cumplen lo que prometen, hoy en d\u00eda tratamos de generar lazos con los j\u00f3venes y el compromiso de las empresas para cumplir y cubrir las necesidades que ellos presentan a la hora de ser entrevistados\u201d, dijo.<\/p>\n\n\n\n<p>Por \u00faltimo comento que la Primera Feria del Empleo est\u00e1 disponible \u00fanicamente el d\u00eda de hoy en el parque Ju\u00e1rez.<\/p>\n","protected":false},"excerpt":{"rendered":"<p>Dar\u00edo Pale Xalapa, Ver.- Se realiza la Primera Feria del Empleo de Xalapa, donde 16 empresas de la regi\u00f3n ofertan m\u00e1s de 70 plazas, solo se dar\u00e1 cobertura a una m\u00ednima parte de los solicitantes, as\u00ed lo dio a conocer Alberto Aguilar, responsable de la organizaci\u00f3n de este evento y del \u00e1rea de Recursos Humanos [&hellip;]<\/p>\n","protected":false},"author":2476,"featured_media":50968,"comment_status":"open","ping_status":"open","sticky":false,"template":"","format":"standard","meta":{"_jetpack_memberships_contains_paid_content":false,"footnotes":""},"categories":[3],"tags":[],"class_list":["post-50967","post","type-post","status-publish","format-standard","has-post-thumbnail","hentry","category-xalapa"],"jetpack_featured_media_url":"https:\/\/encuentroinformativo.com.mx\/wp-content\/uploads\/2024\/02\/IMG-20240222-WA00822.jpg","jetpack_sharing_enabled":true,"jetpack_likes_enabled":true,"amp_enabled":true,"_links":{"self":[{"href":"https:\/\/encuentroinformativo.com.mx\/index.php?rest_route=\/wp\/v2\/posts\/50967","targetHints":{"allow":["GET"]}}],"collection":[{"href":"https:\/\/encuentroinformativo.com.mx\/index.php?rest_route=\/wp\/v2\/posts"}],"about":[{"href":"https:\/\/encuentroinformativo.com.mx\/index.php?rest_route=\/wp\/v2\/types\/post"}],"author":[{"embeddable":true,"href":"https:\/\/encuentroinformativo.com.mx\/index.php?rest_route=\/wp\/v2\/users\/2476"}],"replies":[{"embeddable":true,"href":"https:\/\/encuentroinformativo.com.mx\/index.php?rest_route=%2Fwp%2Fv2%2Fcomments&post=50967"}],"version-history":[{"count":1,"href":"https:\/\/encuentroinformativo.com.mx\/index.php?rest_route=\/wp\/v2\/posts\/50967\/revisions"}],"predecessor-version":[{"id":50969,"href":"https:\/\/encuentroinformativo.com.mx\/index.php?rest_route=\/wp\/v2\/posts\/50967\/revisions\/50969"}],"wp:featuredmedia":[{"embeddable":true,"href":"https:\/\/encuentroinformativo.com.mx\/index.php?rest_route=\/wp\/v2\/media\/50968"}],"wp:attachment":[{"href":"https:\/\/encuentroinformativo.com.mx\/index.php?rest_route=%2Fwp%2Fv2%2Fmedia&parent=50967"}],"wp:term":[{"taxonomy":"category","embeddable":true,"href":"https:\/\/encuentroinformativo.com.mx\/index.php?rest_route=%2Fwp%2Fv2%2Fcategories&post=50967"},{"taxonomy":"post_tag","embeddable":true,"href":"https:\/\/encuentroinformativo.com.mx\/index.php?rest_route=%2Fwp%2Fv2%2Ftags&post=50967"}],"curies":[{"name":"wp","href":"https:\/\/api.w.org\/{rel}","templated":true}]}}