{"id":50970,"date":"2024-02-22T15:16:10","date_gmt":"2024-02-22T21:16:10","guid":{"rendered":"https:\/\/encuentroinformativo.com.mx\/?p=50970"},"modified":"2024-02-22T15:16:15","modified_gmt":"2024-02-22T21:16:15","slug":"amlo-minimizara-intromision-de-gobierno-en-eleccion-pepe-yunes","status":"publish","type":"post","link":"https:\/\/encuentroinformativo.com.mx\/?p=50970","title":{"rendered":"AMLO minimizar\u00e1 intromisi\u00f3n de Gobierno en elecci\u00f3n: Pepe Yunes"},"content":{"rendered":"\n<p><strong>Alejandro \u00c1vila<\/strong><\/p>\n\n\n\n<p>Boca del R\u00edo, Ver. &#8211; El precandidato de la coalici\u00f3n Fuerza y Coraz\u00f3n por M\u00e9xico a la gubernatura de Veracruz, Jos\u00e9 Yunes Zorrilla, consider\u00f3 que la declaraci\u00f3n del presidente de M\u00e9xico, Andr\u00e9s Manuel L\u00f3pez Obrador sobre la intromisi\u00f3n de gobierno federal en las decisiones de la Suprema Corte de Justicia &#8220;deja mucho que desear&#8221;.<\/p>\n\n\n\n<p>Opin\u00f3 que por parte del gobierno federal se tratar\u00e1 de minimizar el tema.<\/p>\n\n\n\n<p>&#8220;Corrobora lo que ve\u00edamos todos los d\u00edas el papel del presidente de la Suprema Corte de Justicia deja mucho que desear. A confesi\u00f3n de parte qu\u00e9 podemos, decir tratar\u00e1n de minimizarlo&#8221;.<\/p>\n\n\n\n<p>A pregunta expresa sobre las quejas del sector de la construcci\u00f3n por la designaci\u00f3n de obras al Ej\u00e9rcito, opin\u00f3 que aunque tratan de explicar y entre m\u00e1s explican m\u00e1s se enredan.<\/p>\n\n\n\n<p>&#8220;Lo que es una parte fundamental es que gran parte del presupuesto lo est\u00e1 ejerciendo la Secretar\u00eda de la Defensa Nacional y no precisamente en los temas en los que la ley les da atribuciones&#8221;.<\/p>\n\n\n\n<p>Remarc\u00f3 que es preocupante que las fuerzas armadas est\u00e9n siendo utilizadas para tareas que no les corresponde, ya que dijo al final se hacen contrataciones de civiles que terminan encareciendo las obras.<\/p>\n\n\n\n<p>&#8220;Preocupa por lo que ha significado siempre las fuerzas armadas que es una de las instituciones que m\u00e1s respetamos pero que tiene muy definido en ley su campo de funciones y que est\u00e9n desplazando instituciones gubernamentales civiles y privadas (\u2026) El hacer una subcontrataci\u00f3n los trabajos se encarecen&#8221;.<\/p>\n\n\n\n<p>Reiter\u00f3 que el destinar a las fuerzas armadas a otras acciones y quitarlas de sus funciones primarias descuida la seguridad del pa\u00eds.<\/p>\n\n\n\n<p>&#8220;Hay un serio problema de inseguridad y de violencia hay miedo en la ciudadana y lo peor que podemos hacer es normalizarlo&#8221;.<\/p>\n\n\n\n<p>Lo anterior al ser entrevistado en el Caf\u00e9 de los 200 a\u00f1os, en donde &#8220;coincidi\u00f3&#8221; con el ex gobernador de Veracruz y actual aspirante al Senado, Miguel \u00c1ngel Yunes Linares.<\/p>\n","protected":false},"excerpt":{"rendered":"<p>Alejandro \u00c1vila Boca del R\u00edo, Ver. &#8211; El precandidato de la coalici\u00f3n Fuerza y Coraz\u00f3n por M\u00e9xico a la gubernatura de Veracruz, Jos\u00e9 Yunes Zorrilla, consider\u00f3 que la declaraci\u00f3n del presidente de M\u00e9xico, Andr\u00e9s Manuel L\u00f3pez Obrador sobre la intromisi\u00f3n de gobierno federal en las decisiones de la Suprema Corte de Justicia &#8220;deja mucho que [&hellip;]<\/p>\n","protected":false},"author":2476,"featured_media":50971,"comment_status":"open","ping_status":"open","sticky":false,"template":"","format":"standard","meta":{"_jetpack_memberships_contains_paid_content":false,"footnotes":""},"categories":[2],"tags":[],"class_list":["post-50970","post","type-post","status-publish","format-standard","has-post-thumbnail","hentry","category-estado"],"jetpack_featured_media_url":"https:\/\/encuentroinformativo.com.mx\/wp-content\/uploads\/2024\/02\/IMG-20240222-WA0076.jpg","jetpack_sharing_enabled":true,"jetpack_likes_enabled":true,"amp_enabled":true,"_links":{"self":[{"href":"https:\/\/encuentroinformativo.com.mx\/index.php?rest_route=\/wp\/v2\/posts\/50970","targetHints":{"allow":["GET"]}}],"collection":[{"href":"https:\/\/encuentroinformativo.com.mx\/index.php?rest_route=\/wp\/v2\/posts"}],"about":[{"href":"https:\/\/encuentroinformativo.com.mx\/index.php?rest_route=\/wp\/v2\/types\/post"}],"author":[{"embeddable":true,"href":"https:\/\/encuentroinformativo.com.mx\/index.php?rest_route=\/wp\/v2\/users\/2476"}],"replies":[{"embeddable":true,"href":"https:\/\/encuentroinformativo.com.mx\/index.php?rest_route=%2Fwp%2Fv2%2Fcomments&post=50970"}],"version-history":[{"count":1,"href":"https:\/\/encuentroinformativo.com.mx\/index.php?rest_route=\/wp\/v2\/posts\/50970\/revisions"}],"predecessor-version":[{"id":50972,"href":"https:\/\/encuentroinformativo.com.mx\/index.php?rest_route=\/wp\/v2\/posts\/50970\/revisions\/50972"}],"wp:featuredmedia":[{"embeddable":true,"href":"https:\/\/encuentroinformativo.com.mx\/index.php?rest_route=\/wp\/v2\/media\/50971"}],"wp:attachment":[{"href":"https:\/\/encuentroinformativo.com.mx\/index.php?rest_route=%2Fwp%2Fv2%2Fmedia&parent=50970"}],"wp:term":[{"taxonomy":"category","embeddable":true,"href":"https:\/\/encuentroinformativo.com.mx\/index.php?rest_route=%2Fwp%2Fv2%2Fcategories&post=50970"},{"taxonomy":"post_tag","embeddable":true,"href":"https:\/\/encuentroinformativo.com.mx\/index.php?rest_route=%2Fwp%2Fv2%2Ftags&post=50970"}],"curies":[{"name":"wp","href":"https:\/\/api.w.org\/{rel}","templated":true}]}}