{"id":50981,"date":"2024-02-23T09:06:24","date_gmt":"2024-02-23T15:06:24","guid":{"rendered":"https:\/\/encuentroinformativo.com.mx\/?p=50981"},"modified":"2024-02-23T09:06:30","modified_gmt":"2024-02-23T15:06:30","slug":"suplente-peso-completo","status":"publish","type":"post","link":"https:\/\/encuentroinformativo.com.mx\/?p=50981","title":{"rendered":"SUPLENTE, PESO COMPLETO"},"content":{"rendered":"\n<p><strong>Los Pol\u00edticos<\/strong><\/p>\n\n\n\n<p><strong>Salvador Mu\u00f1oz<\/strong><\/p>\n\n\n\n<p>Cuando dicen que Pepe Yunes est\u00e1 creciendo, es hasta cierto punto lo m\u00e1s l\u00f3gico en su carrera por la Gubernatura, tan l\u00f3gico que ahora est\u00e9 en las encuestas a 20 puntos de Roc\u00edo Nahle o 12, dependiendo de la casa.<\/p>\n\n\n\n<p>El crecimiento l\u00f3gico de Pepe se establece en una raz\u00f3n simplista: f\u00e1cilmente, Roc\u00edo Nahle lleva tres a\u00f1os como \u201ccandidata\u201d posicionada en los medios y sobre todo, en la militancia con una que otra piedra negra o minatitleca en el camino, pero en el imaginario de muchos, ya viene haciendo campa\u00f1a desde hace rato.<\/p>\n\n\n\n<p>Pepe inicia de cero, desde el fondo, y la aceptaci\u00f3n un\u00e1nime del pri\u00edsmo hacia su figura, lo obliga a tomar un solo camino: todo para arriba.<\/p>\n\n\n\n<p>Nahle en s\u00ed, tiene m\u00e1s negativos que positivos que van desde los m\u00e1s absurdos a los m\u00e1s crudos, mientras que Pepe, aparentemente, f\u00e1cil le cuento dos negativos.<\/p>\n\n\n\n<p>En los negativos absurdos de Nahle, est\u00e1 su origen, zacatecana. Digo \u201cabsurdo\u201d porque el panismo veracruzano que esputa para arriba ello, se le olvida que nuestro paisano Mauricio Kuri gobierna Quer\u00e9taro. A ello se le agregan los negativos crudos: Dos Bocas, las leyendas negras en torno a su marido Pepe Pe\u00f1a, pero sobre todo, por cualquier lado que se le vea, el criticable gobierno de Cuitl\u00e1huac Garc\u00eda, entre otros que es seguro, la oposici\u00f3n y los pepistas, han de tener en la punta de la lengua.<\/p>\n\n\n\n<p>Los dos \u201cnegativos\u201d de Pepe, entrecomillados, pues al final, aparentemente no son su culpa, ser\u00edan, primero, su propio partido, pues las preferencias marcan que la gente no quiere saber nada que tenga las siglas del PRI. La segunda, la alianza que el PRI ha hecho con el PAN luego de que ambas entidades pol\u00edticas fueran ac\u00e9rrimas enemigas hasta que su misma adversidad cre\u00f3 su propia N\u00e9mesis: Morena.<\/p>\n\n\n\n<p>Es seguro que entre algunos pri\u00edstas y panistas de viejo cu\u00f1o, este matrimonio por conveniencia que se viene dando hace poco entre PAN y PRI, lo vean como la sacr\u00edlega uni\u00f3n entre un Montesco y un Capuleto; para los j\u00f3venes, es similar a como muchos \u00e1guilas vieron la incorporaci\u00f3n del ex chiva Chicote Calder\u00f3n al equipo de Coapa, aunque para el pol\u00edtico (sea tricolor o blanquiazul o hasta de cualquier color), quiz\u00e1s sea pragmatismo puro, porque las circunstancias lo demandan.<\/p>\n\n\n\n<p>Y sobre esto \u00faltimo, baste ver el revuelo que ha generado la incorporaci\u00f3n al juego electoral de Miguel \u00c1ngel Yunes Linares, quien nom\u00e1s de suplente en las aspiraciones de su hijo por un esca\u00f1o, le dio un giro a la campa\u00f1a de Pepe.<\/p>\n\n\n\n<p>A ello se le suma la reuni\u00f3n que sostuvo con el mismo Pepe este jueves, donde la figura a destacar ya no fue la del candidato, \u00a1sino la del suplente!<\/p>\n\n\n\n<p>Yunes Linares es un im\u00e1n para jalar reflectores\u2026 ni duda cabe\u2026 habr\u00e1 que ver si en la siguiente encuesta, su aparici\u00f3n en el escenario electoral le genera a Pepe acortar a\u00fan m\u00e1s la distancia entre Nahle, aunque en primera instancia, en el \u00e1nimo del pri\u00edsmo (el pragm\u00e1tico), perciben que esto ya se est\u00e1 dando, tan as\u00ed, que el invitado de lujo el pr\u00f3ximo mi\u00e9rcoles 28 de febrero, en el auditorio Reyes Heroles, en la sede del PRI estatal, ser\u00e1 este personaje que a principios del siglo, quitaron su cuadro de ex presidentes del partido y que hasta hace apenas unos a\u00f1os, cuando fue gobernador, era el coco del pri\u00edsmo\u2026 y hoy, es curioso, sean circunstancias, sea pragmatismo, o como quiera verlo, ya hay quienes consideran a Yunes Linares la bocanada de aire puro para las aspiraciones del candidato de la Oposici\u00f3n\u2026<\/p>\n\n\n\n<p>Qui\u00e9n sabe, pero en una de \u00e9sas, Yunes Linares se convierta en el ariete de la Oposici\u00f3n, el que se ponga los guantes, el que se suba al ring, cuando la caballerosidad de Pepe Yunes se lo impida.<\/p>\n","protected":false},"excerpt":{"rendered":"<p>Los Pol\u00edticos Salvador Mu\u00f1oz Cuando dicen que Pepe Yunes est\u00e1 creciendo, es hasta cierto punto lo m\u00e1s l\u00f3gico en su carrera por la Gubernatura, tan l\u00f3gico que ahora est\u00e9 en las encuestas a 20 puntos de Roc\u00edo Nahle o 12, dependiendo de la casa. El crecimiento l\u00f3gico de Pepe se establece en una raz\u00f3n simplista: [&hellip;]<\/p>\n","protected":false},"author":2476,"featured_media":387,"comment_status":"open","ping_status":"open","sticky":false,"template":"","format":"standard","meta":{"_jetpack_memberships_contains_paid_content":false,"footnotes":""},"categories":[11],"tags":[],"class_list":["post-50981","post","type-post","status-publish","format-standard","has-post-thumbnail","hentry","category-opinion"],"jetpack_featured_media_url":"https:\/\/encuentroinformativo.com.mx\/wp-content\/uploads\/2020\/03\/7CF8A22B-2764-47BE-8F7F-38FE9E5D6A2F.jpeg","jetpack_sharing_enabled":true,"jetpack_likes_enabled":true,"amp_enabled":true,"_links":{"self":[{"href":"https:\/\/encuentroinformativo.com.mx\/index.php?rest_route=\/wp\/v2\/posts\/50981","targetHints":{"allow":["GET"]}}],"collection":[{"href":"https:\/\/encuentroinformativo.com.mx\/index.php?rest_route=\/wp\/v2\/posts"}],"about":[{"href":"https:\/\/encuentroinformativo.com.mx\/index.php?rest_route=\/wp\/v2\/types\/post"}],"author":[{"embeddable":true,"href":"https:\/\/encuentroinformativo.com.mx\/index.php?rest_route=\/wp\/v2\/users\/2476"}],"replies":[{"embeddable":true,"href":"https:\/\/encuentroinformativo.com.mx\/index.php?rest_route=%2Fwp%2Fv2%2Fcomments&post=50981"}],"version-history":[{"count":1,"href":"https:\/\/encuentroinformativo.com.mx\/index.php?rest_route=\/wp\/v2\/posts\/50981\/revisions"}],"predecessor-version":[{"id":50982,"href":"https:\/\/encuentroinformativo.com.mx\/index.php?rest_route=\/wp\/v2\/posts\/50981\/revisions\/50982"}],"wp:featuredmedia":[{"embeddable":true,"href":"https:\/\/encuentroinformativo.com.mx\/index.php?rest_route=\/wp\/v2\/media\/387"}],"wp:attachment":[{"href":"https:\/\/encuentroinformativo.com.mx\/index.php?rest_route=%2Fwp%2Fv2%2Fmedia&parent=50981"}],"wp:term":[{"taxonomy":"category","embeddable":true,"href":"https:\/\/encuentroinformativo.com.mx\/index.php?rest_route=%2Fwp%2Fv2%2Fcategories&post=50981"},{"taxonomy":"post_tag","embeddable":true,"href":"https:\/\/encuentroinformativo.com.mx\/index.php?rest_route=%2Fwp%2Fv2%2Ftags&post=50981"}],"curies":[{"name":"wp","href":"https:\/\/api.w.org\/{rel}","templated":true}]}}