{"id":50983,"date":"2024-02-23T09:23:38","date_gmt":"2024-02-23T15:23:38","guid":{"rendered":"https:\/\/encuentroinformativo.com.mx\/?p=50983"},"modified":"2024-02-23T09:23:44","modified_gmt":"2024-02-23T15:23:44","slug":"logran-acuerdo-padres-del-cbtis-13-liberan-plantel","status":"publish","type":"post","link":"https:\/\/encuentroinformativo.com.mx\/?p=50983","title":{"rendered":"Logran acuerdo padres del CBTIS 13, liberan plantel"},"content":{"rendered":"\n<p><strong>Dar\u00edo Pale <\/strong><\/p>\n\n\n\n<p>Xalapa, Ver.- Tras acordar la fecha de una asamblea extraordinaria que se realizar\u00e1 el pr\u00f3ximo lunes a las 2 de la tarde, padres de familia liberaron las instalaciones del CBTIS 13 en Xalapa a las 00:20 horas.<\/p>\n\n\n\n<p>El acuerdo se logr\u00f3 la noche de este jueves tras una reuni\u00f3n con representantes de la Direcci\u00f3n General de Educaci\u00f3n Tecnol\u00f3gica Industrial (DGETI), por lo que est\u00e9 viernes se reanudaron las clases desde el turno matutino.\u00a0<\/p>\n\n\n\n<p>En dicha asamblea los padres de familia acordar\u00e1n que se transparente el uso de cuotas escolares, ya que durante las \u00faltimas semanas han hecho protestas tras la sospecha de una malversaci\u00f3n de recursos de parte de la directora Dalia P\u00e9rez Ram\u00edrez.\u00a0<\/p>\n\n\n\n<p>&#8220;Necesitamos llegar a un acuerdo tambi\u00e9n para ver el asunto de que los recursos se apliquen donde se tengan que aplicar. No es posible que tengamos laboratorios sin recibos, falta de mobiliario, tiene que estarse turnando los bancos en el laboratorio&#8230;&#8221; expuso una madre de familia.\u00a0<\/p>\n\n\n\n<p>Por \u00faltimo los padres de familia conf\u00edan que el lunes pr\u00f3ximo se resuelva dicha inconformidad.<\/p>\n","protected":false},"excerpt":{"rendered":"<p>Dar\u00edo Pale Xalapa, Ver.- Tras acordar la fecha de una asamblea extraordinaria que se realizar\u00e1 el pr\u00f3ximo lunes a las 2 de la tarde, padres de familia liberaron las instalaciones del CBTIS 13 en Xalapa a las 00:20 horas. El acuerdo se logr\u00f3 la noche de este jueves tras una reuni\u00f3n con representantes de la [&hellip;]<\/p>\n","protected":false},"author":2476,"featured_media":50984,"comment_status":"open","ping_status":"open","sticky":false,"template":"","format":"standard","meta":{"_jetpack_memberships_contains_paid_content":false,"footnotes":""},"categories":[3],"tags":[],"class_list":["post-50983","post","type-post","status-publish","format-standard","has-post-thumbnail","hentry","category-xalapa"],"jetpack_featured_media_url":"https:\/\/encuentroinformativo.com.mx\/wp-content\/uploads\/2024\/02\/IMG-20240223-WA0012.jpg","jetpack_sharing_enabled":true,"jetpack_likes_enabled":true,"amp_enabled":true,"_links":{"self":[{"href":"https:\/\/encuentroinformativo.com.mx\/index.php?rest_route=\/wp\/v2\/posts\/50983","targetHints":{"allow":["GET"]}}],"collection":[{"href":"https:\/\/encuentroinformativo.com.mx\/index.php?rest_route=\/wp\/v2\/posts"}],"about":[{"href":"https:\/\/encuentroinformativo.com.mx\/index.php?rest_route=\/wp\/v2\/types\/post"}],"author":[{"embeddable":true,"href":"https:\/\/encuentroinformativo.com.mx\/index.php?rest_route=\/wp\/v2\/users\/2476"}],"replies":[{"embeddable":true,"href":"https:\/\/encuentroinformativo.com.mx\/index.php?rest_route=%2Fwp%2Fv2%2Fcomments&post=50983"}],"version-history":[{"count":1,"href":"https:\/\/encuentroinformativo.com.mx\/index.php?rest_route=\/wp\/v2\/posts\/50983\/revisions"}],"predecessor-version":[{"id":50985,"href":"https:\/\/encuentroinformativo.com.mx\/index.php?rest_route=\/wp\/v2\/posts\/50983\/revisions\/50985"}],"wp:featuredmedia":[{"embeddable":true,"href":"https:\/\/encuentroinformativo.com.mx\/index.php?rest_route=\/wp\/v2\/media\/50984"}],"wp:attachment":[{"href":"https:\/\/encuentroinformativo.com.mx\/index.php?rest_route=%2Fwp%2Fv2%2Fmedia&parent=50983"}],"wp:term":[{"taxonomy":"category","embeddable":true,"href":"https:\/\/encuentroinformativo.com.mx\/index.php?rest_route=%2Fwp%2Fv2%2Fcategories&post=50983"},{"taxonomy":"post_tag","embeddable":true,"href":"https:\/\/encuentroinformativo.com.mx\/index.php?rest_route=%2Fwp%2Fv2%2Ftags&post=50983"}],"curies":[{"name":"wp","href":"https:\/\/api.w.org\/{rel}","templated":true}]}}