{"id":50986,"date":"2024-02-23T10:00:03","date_gmt":"2024-02-23T16:00:03","guid":{"rendered":"https:\/\/encuentroinformativo.com.mx\/?p=50986"},"modified":"2024-02-23T10:00:10","modified_gmt":"2024-02-23T16:00:10","slug":"gestiona-ine-acciones-para-facilitar-acceso-de-personas-con-discapacidad-a-casillas","status":"publish","type":"post","link":"https:\/\/encuentroinformativo.com.mx\/?p=50986","title":{"rendered":"Gestiona INE acciones para facilitar acceso de personas con discapacidad a casillas"},"content":{"rendered":"\n<figure class=\"wp-block-embed-youtube wp-block-embed is-type-video is-provider-youtube wp-embed-aspect-16-9 wp-has-aspect-ratio\"><div class=\"wp-block-embed__wrapper\">\n<div class=\"jetpack-video-wrapper\"><iframe loading=\"lazy\" title=\"Gestiona INE Veracruz acciones para facilitar acceso de personas con discapacidad a casillas\" width=\"640\" height=\"360\" src=\"https:\/\/www.youtube.com\/embed\/6eWMQyH7xuQ?feature=oembed\" frameborder=\"0\" allow=\"accelerometer; autoplay; clipboard-write; encrypted-media; gyroscope; picture-in-picture; web-share\" referrerpolicy=\"strict-origin-when-cross-origin\" allowfullscreen><\/iframe><\/div>\n<\/div><\/figure>\n\n\n\n<p><strong>Elisa Aburto<\/strong><\/p>\n\n\n\n<p>Xalapa, Ver.- Aunque en jornadas electorales anteriores ya se ha brindado atenci\u00f3n para facilitar el acceso de las personas con discapacidad a las casillas de votaci\u00f3n, durante el presente proceso electoral 2024 el Instituto Nacional Electoral (INE) busca reforzar las acciones en esa materia.<\/p>\n\n\n\n<p>As\u00ed lo dio a conocer Josu\u00e9 Cervantes Mart\u00ednez, Vocal Ejecutivo de la Junta Local del INE en Veracruz quien se\u00f1al\u00f3 que en esta ocasi\u00f3n se busca incluso generar un nivel de compromiso con las dem\u00e1s autoridades involucradas como es el caso de la Secretar\u00eda de Educaci\u00f3n de Veracruz (SEV) debido a que la mayor parte de las casillas utilizan instalaciones de planteles escolares.<\/p>\n\n\n\n<p>En entrevista para <strong>Encuentro Informativo <\/strong>explic\u00f3: \u201cHay un mayor \u00e9nfasis en la tem\u00e1tica pero no es nuevo, ya traemos medidas anteriores de varios procesos\u2026 pero hoy en d\u00eda estamos con mayor \u00e9nfasis incluso involucrando alg\u00fan tipo de compromiso, qu\u00e9 esfuerzo puedes hacer Secretar\u00eda de Educaci\u00f3n de Veracruz una vez que identifiquemos las casillas que tienen alguna oportunidad de correcci\u00f3n para borrar esas barreras que no permitan ese f\u00e1cil acceso\u201d.<\/p>\n\n\n\n<p>Del mismo modo, se\u00f1al\u00f3 que el Organismo P\u00fablico Local Electoral (OPLE) cuenta con un presupuesto del que puede hacer uso para estas acciones, aunque dijo desconocer de cu\u00e1nto ser\u00eda el monto.<\/p>\n\n\n\n<p>\u201cPero hasta donde sea posible eliminar alg\u00fan tipo de barrera, una peque\u00f1a rampa, algo que sea acorde tambi\u00e9n a su presupuesto\u201d.<\/p>\n\n\n\n<p>Cervantes Mart\u00ednez dijo que la autoridad del INE seguir\u00e1 fungiendo como gestor ante el propio Gobierno del Estado as\u00ed como de los Ayuntamientos para que participen realizando las acciones que se consideren necesarias para permitir una mayor movilidad a las personas con alguna discapacidad que acudir\u00e1n a las urnas el pr\u00f3ximo domingo dos de junio.<\/p>\n\n\n\n<p>\u201cEstoy hablando sobre todo de escuelas que es el mayor n\u00famero de lugares donde vamos a instalar las casillas, las escuelas son espacios neutrales por naturaleza no se identifican con alguna fuerza, alg\u00fan partido pol\u00edtico\u201d.<\/p>\n\n\n\n<p>Finalmente el funcionario del \u00f3rgano electoral coment\u00f3 que en el menor de los casos por la geograf\u00eda de algunas localidades y la ausencia de alguna escuela, se requiere de instalar casillas en domicilios particulares.<\/p>\n","protected":false},"excerpt":{"rendered":"<p>Elisa Aburto Xalapa, Ver.- Aunque en jornadas electorales anteriores ya se ha brindado atenci\u00f3n para facilitar el acceso de las personas con discapacidad a las casillas de votaci\u00f3n, durante el presente proceso electoral 2024 el Instituto Nacional Electoral (INE) busca reforzar las acciones en esa materia. As\u00ed lo dio a conocer Josu\u00e9 Cervantes Mart\u00ednez, Vocal [&hellip;]<\/p>\n","protected":false},"author":2476,"featured_media":50939,"comment_status":"open","ping_status":"open","sticky":false,"template":"","format":"standard","meta":{"_jetpack_memberships_contains_paid_content":false,"footnotes":""},"categories":[10,2],"tags":[],"class_list":["post-50986","post","type-post","status-publish","format-standard","has-post-thumbnail","hentry","category-entrevistas","category-estado"],"jetpack_featured_media_url":"https:\/\/encuentroinformativo.com.mx\/wp-content\/uploads\/2024\/02\/Photo_1708584613752.jpg","jetpack_sharing_enabled":true,"jetpack_likes_enabled":true,"amp_enabled":true,"_links":{"self":[{"href":"https:\/\/encuentroinformativo.com.mx\/index.php?rest_route=\/wp\/v2\/posts\/50986","targetHints":{"allow":["GET"]}}],"collection":[{"href":"https:\/\/encuentroinformativo.com.mx\/index.php?rest_route=\/wp\/v2\/posts"}],"about":[{"href":"https:\/\/encuentroinformativo.com.mx\/index.php?rest_route=\/wp\/v2\/types\/post"}],"author":[{"embeddable":true,"href":"https:\/\/encuentroinformativo.com.mx\/index.php?rest_route=\/wp\/v2\/users\/2476"}],"replies":[{"embeddable":true,"href":"https:\/\/encuentroinformativo.com.mx\/index.php?rest_route=%2Fwp%2Fv2%2Fcomments&post=50986"}],"version-history":[{"count":3,"href":"https:\/\/encuentroinformativo.com.mx\/index.php?rest_route=\/wp\/v2\/posts\/50986\/revisions"}],"predecessor-version":[{"id":50989,"href":"https:\/\/encuentroinformativo.com.mx\/index.php?rest_route=\/wp\/v2\/posts\/50986\/revisions\/50989"}],"wp:featuredmedia":[{"embeddable":true,"href":"https:\/\/encuentroinformativo.com.mx\/index.php?rest_route=\/wp\/v2\/media\/50939"}],"wp:attachment":[{"href":"https:\/\/encuentroinformativo.com.mx\/index.php?rest_route=%2Fwp%2Fv2%2Fmedia&parent=50986"}],"wp:term":[{"taxonomy":"category","embeddable":true,"href":"https:\/\/encuentroinformativo.com.mx\/index.php?rest_route=%2Fwp%2Fv2%2Fcategories&post=50986"},{"taxonomy":"post_tag","embeddable":true,"href":"https:\/\/encuentroinformativo.com.mx\/index.php?rest_route=%2Fwp%2Fv2%2Ftags&post=50986"}],"curies":[{"name":"wp","href":"https:\/\/api.w.org\/{rel}","templated":true}]}}