{"id":50996,"date":"2024-02-23T13:12:05","date_gmt":"2024-02-23T19:12:05","guid":{"rendered":"https:\/\/encuentroinformativo.com.mx\/?p=50996"},"modified":"2024-02-23T13:12:10","modified_gmt":"2024-02-23T19:12:10","slug":"exigen-trabajadores-del-monte-de-piedad-aumento-salarial-del-5","status":"publish","type":"post","link":"https:\/\/encuentroinformativo.com.mx\/?p=50996","title":{"rendered":"Exigen trabajadores del Monte de Piedad aumento salarial del 5%"},"content":{"rendered":"\n<p><strong>Alejandro \u00c1vila<\/strong><\/p>\n\n\n\n<p>Veracruz, Ver.- Contin\u00faa la huelga de los trabajadores del Nacional Monte de Piedad y este viernes se sostendr\u00e1 una reuni\u00f3n con los due\u00f1os en la Ciudad de M\u00e9xico, donde los empleados exigen el aumento del 5% a su salario.<\/p>\n\n\n\n<p>Ricardo Fern\u00e1ndez Uscanga, secretario general del sindicato, mencion\u00f3 que desde hace tres a\u00f1os no reciben un aumento a su salario, y a pesar de que intentaron en diversas ocasiones no llegar a la huelga, la situaci\u00f3n se torn\u00f3 insostenible.<\/p>\n\n\n\n<p>&#8220;Lo que nosotros pedimos ahorita a nivel nacional, el comit\u00e9 nacional hab\u00eda manifestado o hab\u00eda dicho p\u00fablicamente los medios de comunicaci\u00f3n, que si la empresa acepta ahorita otorgarnos el 5%, inmediatamente nosotros retiramos las banderas de huelga, la cuesti\u00f3n es que la empresa quiera y acceda en un momento dado, que los trabajadores del Nacional Monte de Piedad o los trabajadores de M\u00e9xico no somos objetos, no somos gente insensible, somos gente que piensa, que razona y que tenemos todo el derecho del mundo de buscar un mejor nivel de vida y trato con dignidad&#8221;, se\u00f1al\u00f3.<\/p>\n\n\n\n<p>Ricardo Fern\u00e1ndez lament\u00f3 los inconvenientes que est\u00e1n causando entre la ciudadan\u00eda, pero resalt\u00f3 que esta situaci\u00f3n de exigencia de sus derechos laborales es necesaria y fundamental para su trabajo.<\/p>\n","protected":false},"excerpt":{"rendered":"<p>Alejandro \u00c1vila Veracruz, Ver.- Contin\u00faa la huelga de los trabajadores del Nacional Monte de Piedad y este viernes se sostendr\u00e1 una reuni\u00f3n con los due\u00f1os en la Ciudad de M\u00e9xico, donde los empleados exigen el aumento del 5% a su salario. Ricardo Fern\u00e1ndez Uscanga, secretario general del sindicato, mencion\u00f3 que desde hace tres a\u00f1os no [&hellip;]<\/p>\n","protected":false},"author":2476,"featured_media":50997,"comment_status":"open","ping_status":"open","sticky":false,"template":"","format":"standard","meta":{"_jetpack_memberships_contains_paid_content":false,"footnotes":""},"categories":[2],"tags":[],"class_list":["post-50996","post","type-post","status-publish","format-standard","has-post-thumbnail","hentry","category-estado"],"jetpack_featured_media_url":"https:\/\/encuentroinformativo.com.mx\/wp-content\/uploads\/2024\/02\/IMG-20240223-WA002912.jpg","jetpack_sharing_enabled":true,"jetpack_likes_enabled":true,"amp_enabled":true,"_links":{"self":[{"href":"https:\/\/encuentroinformativo.com.mx\/index.php?rest_route=\/wp\/v2\/posts\/50996","targetHints":{"allow":["GET"]}}],"collection":[{"href":"https:\/\/encuentroinformativo.com.mx\/index.php?rest_route=\/wp\/v2\/posts"}],"about":[{"href":"https:\/\/encuentroinformativo.com.mx\/index.php?rest_route=\/wp\/v2\/types\/post"}],"author":[{"embeddable":true,"href":"https:\/\/encuentroinformativo.com.mx\/index.php?rest_route=\/wp\/v2\/users\/2476"}],"replies":[{"embeddable":true,"href":"https:\/\/encuentroinformativo.com.mx\/index.php?rest_route=%2Fwp%2Fv2%2Fcomments&post=50996"}],"version-history":[{"count":1,"href":"https:\/\/encuentroinformativo.com.mx\/index.php?rest_route=\/wp\/v2\/posts\/50996\/revisions"}],"predecessor-version":[{"id":50998,"href":"https:\/\/encuentroinformativo.com.mx\/index.php?rest_route=\/wp\/v2\/posts\/50996\/revisions\/50998"}],"wp:featuredmedia":[{"embeddable":true,"href":"https:\/\/encuentroinformativo.com.mx\/index.php?rest_route=\/wp\/v2\/media\/50997"}],"wp:attachment":[{"href":"https:\/\/encuentroinformativo.com.mx\/index.php?rest_route=%2Fwp%2Fv2%2Fmedia&parent=50996"}],"wp:term":[{"taxonomy":"category","embeddable":true,"href":"https:\/\/encuentroinformativo.com.mx\/index.php?rest_route=%2Fwp%2Fv2%2Fcategories&post=50996"},{"taxonomy":"post_tag","embeddable":true,"href":"https:\/\/encuentroinformativo.com.mx\/index.php?rest_route=%2Fwp%2Fv2%2Ftags&post=50996"}],"curies":[{"name":"wp","href":"https:\/\/api.w.org\/{rel}","templated":true}]}}