{"id":50999,"date":"2024-02-23T13:32:30","date_gmt":"2024-02-23T19:32:30","guid":{"rendered":"https:\/\/encuentroinformativo.com.mx\/?p=50999"},"modified":"2024-02-23T14:23:38","modified_gmt":"2024-02-23T20:23:38","slug":"confirma-fiscalia-masacre-en-acultzingo-ya-se-investiga-senala","status":"publish","type":"post","link":"https:\/\/encuentroinformativo.com.mx\/?p=50999","title":{"rendered":"Confirma Fiscal\u00eda masacre en Acultzingo; ya se investiga, se\u00f1ala"},"content":{"rendered":"\n<p><strong>Dar\u00edo Pale <\/strong><\/p>\n\n\n\n<p>Xalapa, Ver.- La Fiscal\u00eda General del Estado, confirm\u00f3 la masacre ocurrida este viernes en el municipio de Acultzingo, en donde siete personas fueron asesinadas.<\/p>\n\n\n\n<p>A trav\u00e9s de un comunicado, el organismo aut\u00f3nomo detall\u00f3 que los cuerpos localizados corresponden a cinco hombres y dos mujeres, quienes perdieron la vida por proyectil de arma de fuego.<\/p>\n\n\n\n<p>Puntualiz\u00f3 que los hechos ocurrieron en la avenida La Presa, entre Sur 4 y Sur 6, colonia Centro, de la ciudad de Acultzingo.<\/p>\n\n\n\n<p>&#8220;Desde el momento en que se tuvo conocimiento del hecho, fiscales, peritos y polic\u00edas ministeriales se encuentran en el lugar llevando a cabo las diligencias de Ley&#8221;, afirm\u00f3 la Fiscal\u00eda&nbsp;<\/p>\n\n\n\n<p>Adem\u00e1s, a trav\u00e9s del comunicado oficial, la Fiscal General, Ver\u00f3nica Hern\u00e1ndez Giad\u00e1ns, reiter\u00f3 que no habr\u00e1 impunidad en este caso.<\/p>\n","protected":false},"excerpt":{"rendered":"<p>Dar\u00edo Pale Xalapa, Ver.- La Fiscal\u00eda General del Estado, confirm\u00f3 la masacre ocurrida este viernes en el municipio de Acultzingo, en donde siete personas fueron asesinadas. A trav\u00e9s de un comunicado, el organismo aut\u00f3nomo detall\u00f3 que los cuerpos localizados corresponden a cinco hombres y dos mujeres, quienes perdieron la vida por proyectil de arma de [&hellip;]<\/p>\n","protected":false},"author":2476,"featured_media":51008,"comment_status":"open","ping_status":"open","sticky":false,"template":"","format":"standard","meta":{"_jetpack_memberships_contains_paid_content":false,"footnotes":""},"categories":[2],"tags":[],"class_list":["post-50999","post","type-post","status-publish","format-standard","has-post-thumbnail","hentry","category-estado"],"jetpack_featured_media_url":"https:\/\/encuentroinformativo.com.mx\/wp-content\/uploads\/2024\/02\/IMG-20240223-WA0057.jpg","jetpack_sharing_enabled":true,"jetpack_likes_enabled":true,"amp_enabled":true,"_links":{"self":[{"href":"https:\/\/encuentroinformativo.com.mx\/index.php?rest_route=\/wp\/v2\/posts\/50999","targetHints":{"allow":["GET"]}}],"collection":[{"href":"https:\/\/encuentroinformativo.com.mx\/index.php?rest_route=\/wp\/v2\/posts"}],"about":[{"href":"https:\/\/encuentroinformativo.com.mx\/index.php?rest_route=\/wp\/v2\/types\/post"}],"author":[{"embeddable":true,"href":"https:\/\/encuentroinformativo.com.mx\/index.php?rest_route=\/wp\/v2\/users\/2476"}],"replies":[{"embeddable":true,"href":"https:\/\/encuentroinformativo.com.mx\/index.php?rest_route=%2Fwp%2Fv2%2Fcomments&post=50999"}],"version-history":[{"count":2,"href":"https:\/\/encuentroinformativo.com.mx\/index.php?rest_route=\/wp\/v2\/posts\/50999\/revisions"}],"predecessor-version":[{"id":51009,"href":"https:\/\/encuentroinformativo.com.mx\/index.php?rest_route=\/wp\/v2\/posts\/50999\/revisions\/51009"}],"wp:featuredmedia":[{"embeddable":true,"href":"https:\/\/encuentroinformativo.com.mx\/index.php?rest_route=\/wp\/v2\/media\/51008"}],"wp:attachment":[{"href":"https:\/\/encuentroinformativo.com.mx\/index.php?rest_route=%2Fwp%2Fv2%2Fmedia&parent=50999"}],"wp:term":[{"taxonomy":"category","embeddable":true,"href":"https:\/\/encuentroinformativo.com.mx\/index.php?rest_route=%2Fwp%2Fv2%2Fcategories&post=50999"},{"taxonomy":"post_tag","embeddable":true,"href":"https:\/\/encuentroinformativo.com.mx\/index.php?rest_route=%2Fwp%2Fv2%2Ftags&post=50999"}],"curies":[{"name":"wp","href":"https:\/\/api.w.org\/{rel}","templated":true}]}}