{"id":51013,"date":"2024-02-23T14:32:30","date_gmt":"2024-02-23T20:32:30","guid":{"rendered":"https:\/\/encuentroinformativo.com.mx\/?p=51013"},"modified":"2024-02-23T14:32:36","modified_gmt":"2024-02-23T20:32:36","slug":"refrenda-ricardo-ahued-alianza-por-el-desarrollo-de-xalapa","status":"publish","type":"post","link":"https:\/\/encuentroinformativo.com.mx\/?p=51013","title":{"rendered":"Refrenda Ricardo Ahued alianza por el desarrollo de Xalapa"},"content":{"rendered":"\n<p><strong>*Se reuni\u00f3 con integrantes de la Canaco &#8211; Servytur.<\/strong><\/p>\n\n\n\n<p>Xalapa, Ver.- Para fortalecer la alianza que el Ayuntamiento tiene con el sector empresarial para impulsar el desarrollo de Xalapa, el alcalde Ricardo Ahued Bardahuil asisti\u00f3 a una reuni\u00f3n de trabajo con integrantes de la C\u00e1mara Nacional de Comercio, Servicios y Turismo (Canaco-Servytur) de Xalapa.<\/p>\n\n\n\n<p>El Edil refrend\u00f3 el compromiso de trabajar conjuntamente con las c\u00e1maras empresariales y colegios de profesionistas, y reiter\u00f3 que durante este a\u00f1o, continuar\u00e1 la inversi\u00f3n hist\u00f3rica en obra p\u00fablica.<\/p>\n\n\n\n<p>Durante el encuentro, el alcalde Ricardo Ahued Bardahuil dijo que se trabaja para eficientar los tr\u00e1mites administrativos y facilitar la apertura de negocios con apego a la reglamentaci\u00f3n.<\/p>\n\n\n\n<p>Tambi\u00e9n dio a conocer que en los primeros d\u00edas de marzo iniciar\u00e1 la pavimentaci\u00f3n integral de un tramo de la calle Dr. Rafael Lucio, en el Centro Hist\u00f3rico.<\/p>\n\n\n\n<p>Durante la reuni\u00f3n, el presidente de la Canaco-Servytur en Xalapa, Carlos Luna G\u00f3mez, reiter\u00f3 el compromiso de colaborar y participar en algunas de las acciones de gobierno y aportar su experiencia en temas de inter\u00e9s para el sector empresarial, como la mejora regulatoria.<\/p>\n","protected":false},"excerpt":{"rendered":"<p>*Se reuni\u00f3 con integrantes de la Canaco &#8211; Servytur. Xalapa, Ver.- Para fortalecer la alianza que el Ayuntamiento tiene con el sector empresarial para impulsar el desarrollo de Xalapa, el alcalde Ricardo Ahued Bardahuil asisti\u00f3 a una reuni\u00f3n de trabajo con integrantes de la C\u00e1mara Nacional de Comercio, Servicios y Turismo (Canaco-Servytur) de Xalapa. El [&hellip;]<\/p>\n","protected":false},"author":2476,"featured_media":51014,"comment_status":"open","ping_status":"open","sticky":false,"template":"","format":"standard","meta":{"_jetpack_memberships_contains_paid_content":false,"footnotes":""},"categories":[3],"tags":[],"class_list":["post-51013","post","type-post","status-publish","format-standard","has-post-thumbnail","hentry","category-xalapa"],"jetpack_featured_media_url":"https:\/\/encuentroinformativo.com.mx\/wp-content\/uploads\/2024\/02\/IMG-20240223-WA00502.jpg","jetpack_sharing_enabled":true,"jetpack_likes_enabled":true,"amp_enabled":true,"_links":{"self":[{"href":"https:\/\/encuentroinformativo.com.mx\/index.php?rest_route=\/wp\/v2\/posts\/51013","targetHints":{"allow":["GET"]}}],"collection":[{"href":"https:\/\/encuentroinformativo.com.mx\/index.php?rest_route=\/wp\/v2\/posts"}],"about":[{"href":"https:\/\/encuentroinformativo.com.mx\/index.php?rest_route=\/wp\/v2\/types\/post"}],"author":[{"embeddable":true,"href":"https:\/\/encuentroinformativo.com.mx\/index.php?rest_route=\/wp\/v2\/users\/2476"}],"replies":[{"embeddable":true,"href":"https:\/\/encuentroinformativo.com.mx\/index.php?rest_route=%2Fwp%2Fv2%2Fcomments&post=51013"}],"version-history":[{"count":1,"href":"https:\/\/encuentroinformativo.com.mx\/index.php?rest_route=\/wp\/v2\/posts\/51013\/revisions"}],"predecessor-version":[{"id":51015,"href":"https:\/\/encuentroinformativo.com.mx\/index.php?rest_route=\/wp\/v2\/posts\/51013\/revisions\/51015"}],"wp:featuredmedia":[{"embeddable":true,"href":"https:\/\/encuentroinformativo.com.mx\/index.php?rest_route=\/wp\/v2\/media\/51014"}],"wp:attachment":[{"href":"https:\/\/encuentroinformativo.com.mx\/index.php?rest_route=%2Fwp%2Fv2%2Fmedia&parent=51013"}],"wp:term":[{"taxonomy":"category","embeddable":true,"href":"https:\/\/encuentroinformativo.com.mx\/index.php?rest_route=%2Fwp%2Fv2%2Fcategories&post=51013"},{"taxonomy":"post_tag","embeddable":true,"href":"https:\/\/encuentroinformativo.com.mx\/index.php?rest_route=%2Fwp%2Fv2%2Ftags&post=51013"}],"curies":[{"name":"wp","href":"https:\/\/api.w.org\/{rel}","templated":true}]}}