{"id":51022,"date":"2024-02-24T12:35:24","date_gmt":"2024-02-24T18:35:24","guid":{"rendered":"https:\/\/encuentroinformativo.com.mx\/?p=51022"},"modified":"2024-02-24T12:35:31","modified_gmt":"2024-02-24T18:35:31","slug":"division-minuscula-se-presentara-en-la-arena-veracruz","status":"publish","type":"post","link":"https:\/\/encuentroinformativo.com.mx\/?p=51022","title":{"rendered":"Divisi\u00f3n Min\u00fascula se presentar\u00e1 en la Arena Veracruz"},"content":{"rendered":"\n<p><strong>Alejandro \u00c1vila<\/strong><\/p>\n\n\n\n<p>Boca del R\u00edo, Ver.- El pr\u00f3ximo 21 de junio la agrupaci\u00f3n Divisi\u00f3n Min\u00fascula se presentar\u00e1 en la Arena Veracruz del municipio de Boca del R\u00edo.<\/p>\n\n\n\n<p>Los tamaulipecos volver\u00e1n a presentarse en Veracruz y un d\u00eda despu\u00e9s lo har\u00e1n en Xalapa en el Nido del Halc\u00f3n; en ambas presentaciones estar\u00e1n acompa\u00f1ados como agrupaci\u00f3n invitada, Los Rom\u00e1nticos de Zacatecas.<\/p>\n\n\n\n<p>La gira &#8220;Y Que el Mundo Espere&#8221; es una de las m\u00e1s solicitadas por los fans de esta agrupaci\u00f3n, qui\u00e9nes esperan recorrer su larga trayectoria musical recordando melod\u00edas como: &#8220;Sognare&#8221;, &#8220;Sismo&#8221;, &#8220;Las Luces de esta Ciudad&#8221;, &#8220;Humanos Como T\u00fa&#8221;, &#8220;Cada Martes&#8221;, entre otras.<\/p>\n\n\n\n<p>La empresa GP Producciones ha sido la encargada de traer este espect\u00e1culo musical, que seguramente tendr\u00e1 un \u00e9xito como cada uno de los eventos que organiza; la venta de boletos inici\u00f3 el pasado 15 de febrero en la p\u00e1gina oficial de la banda y a trav\u00e9s de las plataformas de la productora.<\/p>\n\n\n\n<p>La \u00faltima vez que Divisi\u00f3n Min\u00fascula se present\u00f3 en Boca del R\u00edo fue en el Festival Tecate Location en el 2019, d\u00f3nde acompa\u00f1aron a bandas como Zo\u00e9, Allison, Enjambre, Sabino y Peque\u00f1o F\u00e9nix.<\/p>\n","protected":false},"excerpt":{"rendered":"<p>Alejandro \u00c1vila Boca del R\u00edo, Ver.- El pr\u00f3ximo 21 de junio la agrupaci\u00f3n Divisi\u00f3n Min\u00fascula se presentar\u00e1 en la Arena Veracruz del municipio de Boca del R\u00edo. Los tamaulipecos volver\u00e1n a presentarse en Veracruz y un d\u00eda despu\u00e9s lo har\u00e1n en Xalapa en el Nido del Halc\u00f3n; en ambas presentaciones estar\u00e1n acompa\u00f1ados como agrupaci\u00f3n invitada, [&hellip;]<\/p>\n","protected":false},"author":2476,"featured_media":51023,"comment_status":"open","ping_status":"open","sticky":false,"template":"","format":"standard","meta":{"_jetpack_memberships_contains_paid_content":false,"footnotes":""},"categories":[2],"tags":[],"class_list":["post-51022","post","type-post","status-publish","format-standard","has-post-thumbnail","hentry","category-estado"],"jetpack_featured_media_url":"https:\/\/encuentroinformativo.com.mx\/wp-content\/uploads\/2024\/02\/IMG-20240224-WA0002.jpg","jetpack_sharing_enabled":true,"jetpack_likes_enabled":true,"amp_enabled":true,"_links":{"self":[{"href":"https:\/\/encuentroinformativo.com.mx\/index.php?rest_route=\/wp\/v2\/posts\/51022","targetHints":{"allow":["GET"]}}],"collection":[{"href":"https:\/\/encuentroinformativo.com.mx\/index.php?rest_route=\/wp\/v2\/posts"}],"about":[{"href":"https:\/\/encuentroinformativo.com.mx\/index.php?rest_route=\/wp\/v2\/types\/post"}],"author":[{"embeddable":true,"href":"https:\/\/encuentroinformativo.com.mx\/index.php?rest_route=\/wp\/v2\/users\/2476"}],"replies":[{"embeddable":true,"href":"https:\/\/encuentroinformativo.com.mx\/index.php?rest_route=%2Fwp%2Fv2%2Fcomments&post=51022"}],"version-history":[{"count":1,"href":"https:\/\/encuentroinformativo.com.mx\/index.php?rest_route=\/wp\/v2\/posts\/51022\/revisions"}],"predecessor-version":[{"id":51024,"href":"https:\/\/encuentroinformativo.com.mx\/index.php?rest_route=\/wp\/v2\/posts\/51022\/revisions\/51024"}],"wp:featuredmedia":[{"embeddable":true,"href":"https:\/\/encuentroinformativo.com.mx\/index.php?rest_route=\/wp\/v2\/media\/51023"}],"wp:attachment":[{"href":"https:\/\/encuentroinformativo.com.mx\/index.php?rest_route=%2Fwp%2Fv2%2Fmedia&parent=51022"}],"wp:term":[{"taxonomy":"category","embeddable":true,"href":"https:\/\/encuentroinformativo.com.mx\/index.php?rest_route=%2Fwp%2Fv2%2Fcategories&post=51022"},{"taxonomy":"post_tag","embeddable":true,"href":"https:\/\/encuentroinformativo.com.mx\/index.php?rest_route=%2Fwp%2Fv2%2Ftags&post=51022"}],"curies":[{"name":"wp","href":"https:\/\/api.w.org\/{rel}","templated":true}]}}