{"id":51029,"date":"2024-02-24T15:40:02","date_gmt":"2024-02-24T21:40:02","guid":{"rendered":"https:\/\/encuentroinformativo.com.mx\/?p=51029"},"modified":"2024-02-24T15:40:08","modified_gmt":"2024-02-24T21:40:08","slug":"acultzingo-se-encuentra-reforzado-con-mas-120-elementos-ssp","status":"publish","type":"post","link":"https:\/\/encuentroinformativo.com.mx\/?p=51029","title":{"rendered":"Acultzingo se encuentra reforzado con m\u00e1s 120 elementos: SSP"},"content":{"rendered":"\n<ul class=\"wp-block-list\"><li><strong>En coordinaci\u00f3n con SEDENA y Marina.<\/strong><\/li><\/ul>\n\n\n\n<p>Xalapa, Ver.- Para garantizar la seguridad de las familias en el municipio de Acultzingo, el Secretario de Seguridad P\u00fablica, Cap. Cuauht\u00e9moc Z\u00fa\u00f1iga Bonilla asegur\u00f3 que han fortalecido las acciones preventivas en coordinaci\u00f3n con las Secretar\u00edas de Marina y Armada de M\u00e9xico, adem\u00e1s de Guardia Nacional.<\/p>\n\n\n\n<p>\u201cPor instrucciones del Gobernador, Cuitl\u00e1huac Garc\u00eda Jim\u00e9nez estamos trabajando con SEMAR, SEDENA y Guardia Nacional implementando puestos de control y redoblando los patrullajes\u201d.<\/p>\n\n\n\n<p>El funcionario asegur\u00f3 que la tranquilidad de las familias prevalecer\u00e1 como resultado del reforzamiento con m\u00e1s de 120 elementos de la corpocaci\u00f3n y en cuanto a la investigaci\u00f3n, ser\u00e1 la Fiscal\u00eda General del Estado, quien determine.<\/p>\n\n\n\n<p>\u201cEstamos dando seguridad en los 212 municipios de manera normal y vamos a seguir trabajando\u201d, puntualiz\u00f3.<\/p>\n","protected":false},"excerpt":{"rendered":"<p>En coordinaci\u00f3n con SEDENA y Marina. Xalapa, Ver.- Para garantizar la seguridad de las familias en el municipio de Acultzingo, el Secretario de Seguridad P\u00fablica, Cap. Cuauht\u00e9moc Z\u00fa\u00f1iga Bonilla asegur\u00f3 que han fortalecido las acciones preventivas en coordinaci\u00f3n con las Secretar\u00edas de Marina y Armada de M\u00e9xico, adem\u00e1s de Guardia Nacional. \u201cPor instrucciones del Gobernador, [&hellip;]<\/p>\n","protected":false},"author":2476,"featured_media":51030,"comment_status":"open","ping_status":"open","sticky":false,"template":"","format":"standard","meta":{"_jetpack_memberships_contains_paid_content":false,"footnotes":""},"categories":[2],"tags":[],"class_list":["post-51029","post","type-post","status-publish","format-standard","has-post-thumbnail","hentry","category-estado"],"jetpack_featured_media_url":"https:\/\/encuentroinformativo.com.mx\/wp-content\/uploads\/2024\/02\/IMG-20240224-WA00082.jpg","jetpack_sharing_enabled":true,"jetpack_likes_enabled":true,"amp_enabled":true,"_links":{"self":[{"href":"https:\/\/encuentroinformativo.com.mx\/index.php?rest_route=\/wp\/v2\/posts\/51029","targetHints":{"allow":["GET"]}}],"collection":[{"href":"https:\/\/encuentroinformativo.com.mx\/index.php?rest_route=\/wp\/v2\/posts"}],"about":[{"href":"https:\/\/encuentroinformativo.com.mx\/index.php?rest_route=\/wp\/v2\/types\/post"}],"author":[{"embeddable":true,"href":"https:\/\/encuentroinformativo.com.mx\/index.php?rest_route=\/wp\/v2\/users\/2476"}],"replies":[{"embeddable":true,"href":"https:\/\/encuentroinformativo.com.mx\/index.php?rest_route=%2Fwp%2Fv2%2Fcomments&post=51029"}],"version-history":[{"count":1,"href":"https:\/\/encuentroinformativo.com.mx\/index.php?rest_route=\/wp\/v2\/posts\/51029\/revisions"}],"predecessor-version":[{"id":51031,"href":"https:\/\/encuentroinformativo.com.mx\/index.php?rest_route=\/wp\/v2\/posts\/51029\/revisions\/51031"}],"wp:featuredmedia":[{"embeddable":true,"href":"https:\/\/encuentroinformativo.com.mx\/index.php?rest_route=\/wp\/v2\/media\/51030"}],"wp:attachment":[{"href":"https:\/\/encuentroinformativo.com.mx\/index.php?rest_route=%2Fwp%2Fv2%2Fmedia&parent=51029"}],"wp:term":[{"taxonomy":"category","embeddable":true,"href":"https:\/\/encuentroinformativo.com.mx\/index.php?rest_route=%2Fwp%2Fv2%2Fcategories&post=51029"},{"taxonomy":"post_tag","embeddable":true,"href":"https:\/\/encuentroinformativo.com.mx\/index.php?rest_route=%2Fwp%2Fv2%2Ftags&post=51029"}],"curies":[{"name":"wp","href":"https:\/\/api.w.org\/{rel}","templated":true}]}}