{"id":51032,"date":"2024-02-24T15:46:59","date_gmt":"2024-02-24T21:46:59","guid":{"rendered":"https:\/\/encuentroinformativo.com.mx\/?p=51032"},"modified":"2024-02-24T15:47:04","modified_gmt":"2024-02-24T21:47:04","slug":"se-mantiene-proteccion-civil-en-alerta-ante-incendios-forestales","status":"publish","type":"post","link":"https:\/\/encuentroinformativo.com.mx\/?p=51032","title":{"rendered":"Se mantiene Protecci\u00f3n Civil en alerta ante incendios forestales"},"content":{"rendered":"\n<p><strong>Dar\u00edo Pale <\/strong><\/p>\n\n\n\n<p>Xalapa, Ver.- Hasta el momento se han siniestrado, por incendios forestales, unas 25 hect\u00e1reas de terreno, adem\u00e1s continuar\u00e1n frentes fr\u00edos y cambios bruscos, as\u00ed lo dio a conocer la secretaria de Protecci\u00f3n Civil del Estado, Guadalupe Osorno Maldonado.<\/p>\n\n\n\n<p>En entrevista, record\u00f3 que la temporada de incendios forestales inici\u00f3 el pasado 15 de enero y aunque no ha habido muchas afectaciones, seguir\u00e1n pendientes.<\/p>\n\n\n\n<p>Coment\u00f3 que en lo que resta del mes de febrero continuar\u00e1 la variaci\u00f3n de las temperaturas de un extremo al otro.<\/p>\n\n\n\n<p>Este fin de semana atraviesa el frente fr\u00edo n\u00famero 37, pero esperan que pase sin dejar alguna afectaci\u00f3n.<\/p>\n\n\n\n<p>&#8220;Todav\u00eda estamos en temporadas de frentes fr\u00edos, todav\u00eda pudiera llegar un evento significativo&#8221;, coment\u00f3.<\/p>\n\n\n\n<p>La funcionaria asever\u00f3 que la lluvia es ben\u00e9fica para los incendios forestales, de los cuales ya se tienen registro desde enero.<\/p>\n\n\n\n<p>Pidi\u00f3 a la poblaci\u00f3n tomar precauciones a la hora de realizar fogatas por las elevadas temperaturas que se llegan a presentar como las de este viernes.<\/p>\n\n\n\n<p>Asimismo, Osorno Maldonado coment\u00f3 que tampoco es recomendable realizar quemas forestales ni de pastizales, porque f\u00e1cilmente se pueden salir de control.<\/p>\n\n\n\n<p>Por \u00faltimo enfatiz\u00f3 que existe una buena coordinaci\u00f3n con el Comit\u00e9 Estatal de Manejo de Fuego, integrado, entre otros, por la Conafor y la Sedema.<\/p>\n","protected":false},"excerpt":{"rendered":"<p>Dar\u00edo Pale Xalapa, Ver.- Hasta el momento se han siniestrado, por incendios forestales, unas 25 hect\u00e1reas de terreno, adem\u00e1s continuar\u00e1n frentes fr\u00edos y cambios bruscos, as\u00ed lo dio a conocer la secretaria de Protecci\u00f3n Civil del Estado, Guadalupe Osorno Maldonado. En entrevista, record\u00f3 que la temporada de incendios forestales inici\u00f3 el pasado 15 de enero [&hellip;]<\/p>\n","protected":false},"author":2476,"featured_media":51033,"comment_status":"open","ping_status":"open","sticky":false,"template":"","format":"standard","meta":{"_jetpack_memberships_contains_paid_content":false,"footnotes":""},"categories":[2],"tags":[],"class_list":["post-51032","post","type-post","status-publish","format-standard","has-post-thumbnail","hentry","category-estado"],"jetpack_featured_media_url":"https:\/\/encuentroinformativo.com.mx\/wp-content\/uploads\/2024\/02\/IMG-20240224-WA0023-scaled.jpg","jetpack_sharing_enabled":true,"jetpack_likes_enabled":true,"amp_enabled":true,"_links":{"self":[{"href":"https:\/\/encuentroinformativo.com.mx\/index.php?rest_route=\/wp\/v2\/posts\/51032","targetHints":{"allow":["GET"]}}],"collection":[{"href":"https:\/\/encuentroinformativo.com.mx\/index.php?rest_route=\/wp\/v2\/posts"}],"about":[{"href":"https:\/\/encuentroinformativo.com.mx\/index.php?rest_route=\/wp\/v2\/types\/post"}],"author":[{"embeddable":true,"href":"https:\/\/encuentroinformativo.com.mx\/index.php?rest_route=\/wp\/v2\/users\/2476"}],"replies":[{"embeddable":true,"href":"https:\/\/encuentroinformativo.com.mx\/index.php?rest_route=%2Fwp%2Fv2%2Fcomments&post=51032"}],"version-history":[{"count":1,"href":"https:\/\/encuentroinformativo.com.mx\/index.php?rest_route=\/wp\/v2\/posts\/51032\/revisions"}],"predecessor-version":[{"id":51034,"href":"https:\/\/encuentroinformativo.com.mx\/index.php?rest_route=\/wp\/v2\/posts\/51032\/revisions\/51034"}],"wp:featuredmedia":[{"embeddable":true,"href":"https:\/\/encuentroinformativo.com.mx\/index.php?rest_route=\/wp\/v2\/media\/51033"}],"wp:attachment":[{"href":"https:\/\/encuentroinformativo.com.mx\/index.php?rest_route=%2Fwp%2Fv2%2Fmedia&parent=51032"}],"wp:term":[{"taxonomy":"category","embeddable":true,"href":"https:\/\/encuentroinformativo.com.mx\/index.php?rest_route=%2Fwp%2Fv2%2Fcategories&post=51032"},{"taxonomy":"post_tag","embeddable":true,"href":"https:\/\/encuentroinformativo.com.mx\/index.php?rest_route=%2Fwp%2Fv2%2Ftags&post=51032"}],"curies":[{"name":"wp","href":"https:\/\/api.w.org\/{rel}","templated":true}]}}