{"id":51038,"date":"2024-02-24T15:59:44","date_gmt":"2024-02-24T21:59:44","guid":{"rendered":"https:\/\/encuentroinformativo.com.mx\/?p=51038"},"modified":"2024-02-24T15:59:51","modified_gmt":"2024-02-24T21:59:51","slug":"escuelas-de-la-zona-norte-podrian-presentar-problemas-de-abasto-de-agua-reconoce-sev","status":"publish","type":"post","link":"https:\/\/encuentroinformativo.com.mx\/?p=51038","title":{"rendered":"Escuelas de la zona norte podr\u00edan presentar problemas de abasto de agua, reconoce SEV"},"content":{"rendered":"\n<p><strong>Dar\u00edo Pale <\/strong><\/p>\n\n\n\n<p>Xalapa, Ver.- El secretario de Educaci\u00f3n de Veracruz, V\u00edctor Vargas Barrientos dio a conocer que las escuelas en el estado podr\u00edan presentar falta de agua con el incremento de las temperaturas principalmente en la zona norte es donde afectar\u00eda m\u00e1s por lo que tendr\u00e1n que estar prevenidos.<\/p>\n\n\n\n<p>En entrevista se\u00f1al\u00f3 que, debido a las bajas temperaturas y las condiciones clim\u00e1ticas, los estudiantes de educaci\u00f3n b\u00e1sica ingresar\u00edan a los planteles educativos media hora despu\u00e9s al horario normal.\u00a0<\/p>\n\n\n\n<p>Inform\u00f3 que debido a las buenas condiciones climatol\u00f3gicas que se han registrado en el estado, el horario de ingreso de las escuelas de educaci\u00f3n b\u00e1sica volver\u00e1 a la normalidad durante el mes de marzo, pues dijo que ahora se preparan para el incremento de las temperaturas y la falta de agua.<\/p>\n\n\n\n<p>\u201cSe termina a finales de este mes, pero ahora vienen tiempos de calor y hay que estar prevenidos en la falta de agua en las escuelas y tomar las medidas correctas. Estamos todos los d\u00edas monitoreando con Protecci\u00f3n Civil de la Secretar\u00eda de Educaci\u00f3n y con Protecci\u00f3n Civil del Estado para ver c\u00f3mo se va manifestando el tema del clima\u201d, se\u00f1al\u00f3.<\/p>\n\n\n\n<p>Vargas Barrientos mencion\u00f3 que se encuentran al pendiente de las instituciones y que hasta el momento no cuentan con el registro de alg\u00fan plantel que presente la falta de este vital l\u00edquido.<\/p>\n\n\n\n<p>\u201cYa estamos platic\u00e1ndolo con previa anticipaci\u00f3n con la subsecretaria para que est\u00e9 al pendiente, que se levante un senso de las escuelas que pudi\u00e9ramos tener sin agua para prevenir durante el tiempo de calor\u201d, coment\u00f3.<\/p>\n\n\n\n<p>Por \u00faltimo se\u00f1al\u00f3 que las escuelas educativas de la Zona Norte podr\u00edan verse m\u00e1s afectadas por la falta de agua, pues asegur\u00f3 que la Zona Centro se ve menos afectada. <\/p>\n","protected":false},"excerpt":{"rendered":"<p>Dar\u00edo Pale Xalapa, Ver.- El secretario de Educaci\u00f3n de Veracruz, V\u00edctor Vargas Barrientos dio a conocer que las escuelas en el estado podr\u00edan presentar falta de agua con el incremento de las temperaturas principalmente en la zona norte es donde afectar\u00eda m\u00e1s por lo que tendr\u00e1n que estar prevenidos. En entrevista se\u00f1al\u00f3 que, debido a [&hellip;]<\/p>\n","protected":false},"author":2476,"featured_media":51039,"comment_status":"open","ping_status":"open","sticky":false,"template":"","format":"standard","meta":{"_jetpack_memberships_contains_paid_content":false,"footnotes":""},"categories":[2],"tags":[],"class_list":["post-51038","post","type-post","status-publish","format-standard","has-post-thumbnail","hentry","category-estado"],"jetpack_featured_media_url":"https:\/\/encuentroinformativo.com.mx\/wp-content\/uploads\/2024\/02\/IMG-20240224-WA00892.jpg","jetpack_sharing_enabled":true,"jetpack_likes_enabled":true,"amp_enabled":true,"_links":{"self":[{"href":"https:\/\/encuentroinformativo.com.mx\/index.php?rest_route=\/wp\/v2\/posts\/51038","targetHints":{"allow":["GET"]}}],"collection":[{"href":"https:\/\/encuentroinformativo.com.mx\/index.php?rest_route=\/wp\/v2\/posts"}],"about":[{"href":"https:\/\/encuentroinformativo.com.mx\/index.php?rest_route=\/wp\/v2\/types\/post"}],"author":[{"embeddable":true,"href":"https:\/\/encuentroinformativo.com.mx\/index.php?rest_route=\/wp\/v2\/users\/2476"}],"replies":[{"embeddable":true,"href":"https:\/\/encuentroinformativo.com.mx\/index.php?rest_route=%2Fwp%2Fv2%2Fcomments&post=51038"}],"version-history":[{"count":1,"href":"https:\/\/encuentroinformativo.com.mx\/index.php?rest_route=\/wp\/v2\/posts\/51038\/revisions"}],"predecessor-version":[{"id":51040,"href":"https:\/\/encuentroinformativo.com.mx\/index.php?rest_route=\/wp\/v2\/posts\/51038\/revisions\/51040"}],"wp:featuredmedia":[{"embeddable":true,"href":"https:\/\/encuentroinformativo.com.mx\/index.php?rest_route=\/wp\/v2\/media\/51039"}],"wp:attachment":[{"href":"https:\/\/encuentroinformativo.com.mx\/index.php?rest_route=%2Fwp%2Fv2%2Fmedia&parent=51038"}],"wp:term":[{"taxonomy":"category","embeddable":true,"href":"https:\/\/encuentroinformativo.com.mx\/index.php?rest_route=%2Fwp%2Fv2%2Fcategories&post=51038"},{"taxonomy":"post_tag","embeddable":true,"href":"https:\/\/encuentroinformativo.com.mx\/index.php?rest_route=%2Fwp%2Fv2%2Ftags&post=51038"}],"curies":[{"name":"wp","href":"https:\/\/api.w.org\/{rel}","templated":true}]}}