{"id":51041,"date":"2024-02-24T16:04:51","date_gmt":"2024-02-24T22:04:51","guid":{"rendered":"https:\/\/encuentroinformativo.com.mx\/?p=51041"},"modified":"2024-02-24T16:04:56","modified_gmt":"2024-02-24T22:04:56","slug":"aloja-veracruz-grabaciones-de-la-serie-bandidos","status":"publish","type":"post","link":"https:\/\/encuentroinformativo.com.mx\/?p=51041","title":{"rendered":"Aloja Veracruz grabaciones de la serie Bandidos"},"content":{"rendered":"\n<p><strong>Dar\u00edo Pale <\/strong><\/p>\n\n\n\n<p>Xalapa, Ver.- El titular de la Secretar\u00eda de Turismo (SECTUR), Iv\u00e1n Mart\u00ednez Olvera dio a conocer que las locaciones de Veracruz alojan la grabaci\u00f3n de la segunda parte de la serie \u201cBandidos\u201d de Netflix.<\/p>\n\n\n\n<p>En entrevista el funcionario estatal explic\u00f3 que el equipo de producci\u00f3n visitar\u00e1 los municipios de Puente Nacional, Veracruz, La Antigua, \u00darsulo Galv\u00e1n y Perote.<\/p>\n\n\n\n<p>\u201cLas producciones internacionales siguen teniendo presencia en Veracruz, ayer inici\u00f3 la segunda parte de la serie Bandidos, la primera parte se estar\u00e1 proyectando el 13 y la segunda parte est\u00e1 siendo grabada en Veracruz\u201d, se\u00f1al\u00f3.<\/p>\n\n\n\n<p>Se proyecta el arribo de mil 200 personas, que requerir\u00e1n hospedajes en hoteles, servicios y alimentos.<\/p>\n\n\n\n<p>Por \u00faltimo Mart\u00ednez Olvera destac\u00f3 que Veracruz es atractivo para producciones de las plataformas <em>Netflix, Disney, NatGeo, <\/em>entre otras, y esto genera una derrama econ\u00f3mica importante, y que tan solo el a\u00f1o pasado una sola serie dej\u00f3 423 millones de pesos.<\/p>\n","protected":false},"excerpt":{"rendered":"<p>Dar\u00edo Pale Xalapa, Ver.- El titular de la Secretar\u00eda de Turismo (SECTUR), Iv\u00e1n Mart\u00ednez Olvera dio a conocer que las locaciones de Veracruz alojan la grabaci\u00f3n de la segunda parte de la serie \u201cBandidos\u201d de Netflix. En entrevista el funcionario estatal explic\u00f3 que el equipo de producci\u00f3n visitar\u00e1 los municipios de Puente Nacional, Veracruz, La [&hellip;]<\/p>\n","protected":false},"author":2476,"featured_media":40239,"comment_status":"open","ping_status":"open","sticky":false,"template":"","format":"standard","meta":{"_jetpack_memberships_contains_paid_content":false,"footnotes":""},"categories":[2],"tags":[],"class_list":["post-51041","post","type-post","status-publish","format-standard","has-post-thumbnail","hentry","category-estado"],"jetpack_featured_media_url":"https:\/\/encuentroinformativo.com.mx\/wp-content\/uploads\/2023\/05\/IMG-20230505-WA0020.jpg","jetpack_sharing_enabled":true,"jetpack_likes_enabled":true,"amp_enabled":true,"_links":{"self":[{"href":"https:\/\/encuentroinformativo.com.mx\/index.php?rest_route=\/wp\/v2\/posts\/51041","targetHints":{"allow":["GET"]}}],"collection":[{"href":"https:\/\/encuentroinformativo.com.mx\/index.php?rest_route=\/wp\/v2\/posts"}],"about":[{"href":"https:\/\/encuentroinformativo.com.mx\/index.php?rest_route=\/wp\/v2\/types\/post"}],"author":[{"embeddable":true,"href":"https:\/\/encuentroinformativo.com.mx\/index.php?rest_route=\/wp\/v2\/users\/2476"}],"replies":[{"embeddable":true,"href":"https:\/\/encuentroinformativo.com.mx\/index.php?rest_route=%2Fwp%2Fv2%2Fcomments&post=51041"}],"version-history":[{"count":1,"href":"https:\/\/encuentroinformativo.com.mx\/index.php?rest_route=\/wp\/v2\/posts\/51041\/revisions"}],"predecessor-version":[{"id":51042,"href":"https:\/\/encuentroinformativo.com.mx\/index.php?rest_route=\/wp\/v2\/posts\/51041\/revisions\/51042"}],"wp:featuredmedia":[{"embeddable":true,"href":"https:\/\/encuentroinformativo.com.mx\/index.php?rest_route=\/wp\/v2\/media\/40239"}],"wp:attachment":[{"href":"https:\/\/encuentroinformativo.com.mx\/index.php?rest_route=%2Fwp%2Fv2%2Fmedia&parent=51041"}],"wp:term":[{"taxonomy":"category","embeddable":true,"href":"https:\/\/encuentroinformativo.com.mx\/index.php?rest_route=%2Fwp%2Fv2%2Fcategories&post=51041"},{"taxonomy":"post_tag","embeddable":true,"href":"https:\/\/encuentroinformativo.com.mx\/index.php?rest_route=%2Fwp%2Fv2%2Ftags&post=51041"}],"curies":[{"name":"wp","href":"https:\/\/api.w.org\/{rel}","templated":true}]}}