{"id":51043,"date":"2024-02-24T16:08:16","date_gmt":"2024-02-24T22:08:16","guid":{"rendered":"https:\/\/encuentroinformativo.com.mx\/?p=51043"},"modified":"2024-02-24T16:08:21","modified_gmt":"2024-02-24T22:08:21","slug":"buscan-pena-maxima-para-quien-agredio-en-el-ojo-a-sujeto-en-centro-comercial","status":"publish","type":"post","link":"https:\/\/encuentroinformativo.com.mx\/?p=51043","title":{"rendered":"Buscan pena m\u00e1xima para quien agredi\u00f3 en el ojo a sujeto en Centro Comercial"},"content":{"rendered":"\n<p><strong>Alejandro \u00c1vila<\/strong><\/p>\n\n\n\n<p>Veracruz, Ver.- Andr\u00e9s Flores Castro, abogado de Domingo Mu\u00f1oz Figueroa, sujeto que perdi\u00f3 un ojo tras una ri\u00f1a en un Centro Comercial del municipio de Veracruz en 2019, exige la pena m\u00e1xima para el agresor.<\/p>\n\n\n\n<p>El litigante mencion\u00f3 que en septiembre del 2023 se emiti\u00f3 una sentencia con una agravante m\u00ednima, la cual le fija condena de 5 a\u00f1os, por lo cual estar\u00eda a punto de salir de la c\u00e1rcel; sin embargo, ellos exigen la pena m\u00e1xima, donde alcanzar\u00eda al menos 8 a\u00f1os de prisi\u00f3n.<\/p>\n\n\n\n<p>&#8220;La Juez en su momento dict\u00f3 la pena m\u00ednima considerando constancias que realmente para nosotros no eran derivados para poderle dar una canongia al hoy sentenciado, entonces, lo que buscamos es que se haga un poquito m\u00e1s de justicia para nuestro representado y as\u00ed pueda tener una tranquilidad, porque obviamente el da\u00f1o moral y emocional que tuvo durante todo este momento, pues fue una noticia y unos hechos bastante gravosos, en el cual pr\u00e1cticamente perdi\u00f3 un \u00f3rgano vital como es el ojo. El tipo de lesi\u00f3n que hubo no fue una lesi\u00f3n normal, fue una lesi\u00f3n dolosa porque al momento de tener un cuchillo de casi 15 cent\u00edmetros de largo, contando el mango como de 5 o 6 cent\u00edmetros m\u00e1s la hoja met\u00e1lica viene siendo como de 8 cent\u00edmetros, es un cuchillo que parece de pescar, no es un cuchillo normal de uso diario&#8221;, relat\u00f3 el abogado.<\/p>\n\n\n\n<p>El abogado, Andr\u00e9s Flores ratific\u00f3 que buscan una sentencia mayor a trav\u00e9s de la revisi\u00f3n de la sentencia por parte del Tribunal Colegiado, con la finalidad de que se modifique a una pena m\u00e1xima.<\/p>\n\n\n\n<p>&#8220;La pena m\u00e1xima es de 8 a\u00f1os, las lesiones que se les sentenci\u00f3 fueron lesiones simples porque seg\u00fan no hab\u00eda las lesiones calificadas con agravantes para que pudiera haber una penalidad mayor (\u2026) lesiones simples&nbsp; lo que nosotros busc\u00e1bamos era lesiones dolosas calificadas para que la penalidad en ese delito es mucho mayor&#8221;, culmin\u00f3.<\/p>\n","protected":false},"excerpt":{"rendered":"<p>Alejandro \u00c1vila Veracruz, Ver.- Andr\u00e9s Flores Castro, abogado de Domingo Mu\u00f1oz Figueroa, sujeto que perdi\u00f3 un ojo tras una ri\u00f1a en un Centro Comercial del municipio de Veracruz en 2019, exige la pena m\u00e1xima para el agresor. El litigante mencion\u00f3 que en septiembre del 2023 se emiti\u00f3 una sentencia con una agravante m\u00ednima, la cual [&hellip;]<\/p>\n","protected":false},"author":2476,"featured_media":51044,"comment_status":"open","ping_status":"open","sticky":false,"template":"","format":"standard","meta":{"_jetpack_memberships_contains_paid_content":false,"footnotes":""},"categories":[2],"tags":[],"class_list":["post-51043","post","type-post","status-publish","format-standard","has-post-thumbnail","hentry","category-estado"],"jetpack_featured_media_url":"https:\/\/encuentroinformativo.com.mx\/wp-content\/uploads\/2024\/02\/IMG-20240224-WA0102-scaled.jpg","jetpack_sharing_enabled":true,"jetpack_likes_enabled":true,"amp_enabled":true,"_links":{"self":[{"href":"https:\/\/encuentroinformativo.com.mx\/index.php?rest_route=\/wp\/v2\/posts\/51043","targetHints":{"allow":["GET"]}}],"collection":[{"href":"https:\/\/encuentroinformativo.com.mx\/index.php?rest_route=\/wp\/v2\/posts"}],"about":[{"href":"https:\/\/encuentroinformativo.com.mx\/index.php?rest_route=\/wp\/v2\/types\/post"}],"author":[{"embeddable":true,"href":"https:\/\/encuentroinformativo.com.mx\/index.php?rest_route=\/wp\/v2\/users\/2476"}],"replies":[{"embeddable":true,"href":"https:\/\/encuentroinformativo.com.mx\/index.php?rest_route=%2Fwp%2Fv2%2Fcomments&post=51043"}],"version-history":[{"count":1,"href":"https:\/\/encuentroinformativo.com.mx\/index.php?rest_route=\/wp\/v2\/posts\/51043\/revisions"}],"predecessor-version":[{"id":51045,"href":"https:\/\/encuentroinformativo.com.mx\/index.php?rest_route=\/wp\/v2\/posts\/51043\/revisions\/51045"}],"wp:featuredmedia":[{"embeddable":true,"href":"https:\/\/encuentroinformativo.com.mx\/index.php?rest_route=\/wp\/v2\/media\/51044"}],"wp:attachment":[{"href":"https:\/\/encuentroinformativo.com.mx\/index.php?rest_route=%2Fwp%2Fv2%2Fmedia&parent=51043"}],"wp:term":[{"taxonomy":"category","embeddable":true,"href":"https:\/\/encuentroinformativo.com.mx\/index.php?rest_route=%2Fwp%2Fv2%2Fcategories&post=51043"},{"taxonomy":"post_tag","embeddable":true,"href":"https:\/\/encuentroinformativo.com.mx\/index.php?rest_route=%2Fwp%2Fv2%2Ftags&post=51043"}],"curies":[{"name":"wp","href":"https:\/\/api.w.org\/{rel}","templated":true}]}}