{"id":51046,"date":"2024-02-24T16:12:43","date_gmt":"2024-02-24T22:12:43","guid":{"rendered":"https:\/\/encuentroinformativo.com.mx\/?p=51046"},"modified":"2024-02-24T16:12:49","modified_gmt":"2024-02-24T22:12:49","slug":"insiste-rocio-nahle-en-amplia-ventaja-en-encuestas","status":"publish","type":"post","link":"https:\/\/encuentroinformativo.com.mx\/?p=51046","title":{"rendered":"Insiste Roc\u00edo Nahle en amplia ventaja en encuestas"},"content":{"rendered":"\n<p><strong>Alejandro \u00c1vila<\/strong><\/p>\n\n\n\n<p>Veracruz, Ver.- La Coordinadora de la Defensa de la Cuarta Transformaci\u00f3n en Veracruz, Roc\u00edo Nahle Garc\u00eda, asegur\u00f3 que supera por m\u00e1s de 30 puntos a su contrincante m\u00e1s cercano a la gubernatura de Veracruz.<\/p>\n\n\n\n<p>Este s\u00e1bado se present\u00f3 en el sal\u00f3n de los Empleados de Comercio ubicado en pleno centro de la ciudad de Veracruz, donde pidi\u00f3 a la militancia del Partido del Trabajo caminar juntos durante las pr\u00f3ximas semanas.<\/p>\n\n\n\n<p>&#8220;Vamos a salir y vamos a empujar juntos, y vamos a jalar con fuerza porque vamos muuuy bien, yo dije que 30 puntos pero ah\u00ed vamos m\u00e1s arriba&#8221;, asest\u00f3.<\/p>\n\n\n\n<p>La ex secretaria de Energ\u00eda fue ungida este s\u00e1bado 24 de septiembre como la abanderada a la gubernatura por el Partido del Trabajo; en sus palabras, agreg\u00f3 que Morena y el PT han caminado juntos porque son ideas de izquierda, que se preocupan por la clase social.<\/p>\n\n\n\n<p>&#8220;Vamos muy bien porque nuestro movimiento se ha tejido desde la base social y la base democr\u00e1tica, nuestro movimiento es incluyente, no es exclusivo, no hay racismo, aqu\u00ed no hay machismo, no hay elitismo, aqu\u00ed hay una fraternidad con todos nosotros, aqu\u00ed vemos a nuestros semejantes como lo que son, seres humanos, ni m\u00e1s ni menos&#8221;, culmin\u00f3.<\/p>\n","protected":false},"excerpt":{"rendered":"<p>Alejandro \u00c1vila Veracruz, Ver.- La Coordinadora de la Defensa de la Cuarta Transformaci\u00f3n en Veracruz, Roc\u00edo Nahle Garc\u00eda, asegur\u00f3 que supera por m\u00e1s de 30 puntos a su contrincante m\u00e1s cercano a la gubernatura de Veracruz. Este s\u00e1bado se present\u00f3 en el sal\u00f3n de los Empleados de Comercio ubicado en pleno centro de la ciudad [&hellip;]<\/p>\n","protected":false},"author":2476,"featured_media":51047,"comment_status":"open","ping_status":"open","sticky":false,"template":"","format":"standard","meta":{"_jetpack_memberships_contains_paid_content":false,"footnotes":""},"categories":[2],"tags":[],"class_list":["post-51046","post","type-post","status-publish","format-standard","has-post-thumbnail","hentry","category-estado"],"jetpack_featured_media_url":"https:\/\/encuentroinformativo.com.mx\/wp-content\/uploads\/2024\/02\/IMG-20240224-WA00862.jpg","jetpack_sharing_enabled":true,"jetpack_likes_enabled":true,"amp_enabled":true,"_links":{"self":[{"href":"https:\/\/encuentroinformativo.com.mx\/index.php?rest_route=\/wp\/v2\/posts\/51046","targetHints":{"allow":["GET"]}}],"collection":[{"href":"https:\/\/encuentroinformativo.com.mx\/index.php?rest_route=\/wp\/v2\/posts"}],"about":[{"href":"https:\/\/encuentroinformativo.com.mx\/index.php?rest_route=\/wp\/v2\/types\/post"}],"author":[{"embeddable":true,"href":"https:\/\/encuentroinformativo.com.mx\/index.php?rest_route=\/wp\/v2\/users\/2476"}],"replies":[{"embeddable":true,"href":"https:\/\/encuentroinformativo.com.mx\/index.php?rest_route=%2Fwp%2Fv2%2Fcomments&post=51046"}],"version-history":[{"count":1,"href":"https:\/\/encuentroinformativo.com.mx\/index.php?rest_route=\/wp\/v2\/posts\/51046\/revisions"}],"predecessor-version":[{"id":51048,"href":"https:\/\/encuentroinformativo.com.mx\/index.php?rest_route=\/wp\/v2\/posts\/51046\/revisions\/51048"}],"wp:featuredmedia":[{"embeddable":true,"href":"https:\/\/encuentroinformativo.com.mx\/index.php?rest_route=\/wp\/v2\/media\/51047"}],"wp:attachment":[{"href":"https:\/\/encuentroinformativo.com.mx\/index.php?rest_route=%2Fwp%2Fv2%2Fmedia&parent=51046"}],"wp:term":[{"taxonomy":"category","embeddable":true,"href":"https:\/\/encuentroinformativo.com.mx\/index.php?rest_route=%2Fwp%2Fv2%2Fcategories&post=51046"},{"taxonomy":"post_tag","embeddable":true,"href":"https:\/\/encuentroinformativo.com.mx\/index.php?rest_route=%2Fwp%2Fv2%2Ftags&post=51046"}],"curies":[{"name":"wp","href":"https:\/\/api.w.org\/{rel}","templated":true}]}}