{"id":51049,"date":"2024-02-24T16:17:37","date_gmt":"2024-02-24T22:17:37","guid":{"rendered":"https:\/\/encuentroinformativo.com.mx\/?p=51049"},"modified":"2024-02-24T16:17:43","modified_gmt":"2024-02-24T22:17:43","slug":"ante-obra-se-mantiene-dialogo-con-comerciantes-de-la-calle-de-lucio-alcalde","status":"publish","type":"post","link":"https:\/\/encuentroinformativo.com.mx\/?p=51049","title":{"rendered":"Ante obra, se mantiene di\u00e1logo con comerciantes de la calle de Lucio: Alcalde"},"content":{"rendered":"\n<p><strong>Dar\u00edo Pale <\/strong><\/p>\n\n\n\n<p>Xalapa, Ver.- El presidente municipal de Xalapa, Ricardo Ahued Bardahuil dio a conocer que no se prev\u00e9n protestas de comerciantes por cierre de la calle Lucio; est\u00e1n contentos con la obra.<\/p>\n\n\n\n<p>En entrevista se\u00f1al\u00f3 que, no se prev\u00e9n inconformidades de los comerciantes de la zona centro durante la rehabilitaci\u00f3n de la calle Lucio, pues est\u00e1n contentos con el mantenimiento integral que se le dar\u00e1, sin embargo se mantendr\u00e1 di\u00e1logo con todos los empresarios y locatarios.<\/p>\n\n\n\n<p>\u201cEst\u00e1n muy contentos porque esa calle tiene problemas de agua, drenaje, pluvial incluso. En la \u00e9poca de otros ayuntamientos hicieron obras en la calle de Revoluci\u00f3n con Hip\u00f3lito, cambiando toda la infraestructura, Am\u00e9rico hizo una parte del centro y falt\u00f3 precisamente&#8221;, se\u00f1al\u00f3.<\/p>\n\n\n\n<p>&#8220;Despu\u00e9s de que llegamos nosotros la calle de Ju\u00e1rez que cruza con Lucio, ese cruce ya est\u00e1 preparado para recibir los drenajes que se tienen que conectar con la calle de Lucio y Xallitic porque hay derrames internos de tuber\u00edas muy viejas que ya son obsoletas, a parte del gasto de agua, tenemos hundimientos que son y olores saliendo de la parte del mercado por las tuber\u00edas abiertas\u201d, agreg\u00f3.\u00a0<\/p>\n\n\n\n<p>La obra iniciar\u00e1 en marzo y durar\u00e1 seis meses aproximadamente y se cuidar\u00e1 que se haga en los tiempos programados, \u201cuna obra siempre presenta ciertas molestias, pero hab\u00eda que entrarle a la ciudad y ya le estamos entrando\u201d.<\/p>\n\n\n\n<p>Por \u00faltimo sobre esta obra en una de las principales calles de la ciudad el alcalde hab\u00eda informado previamente que se programar\u00e1n trabajos d\u00eda y noche con el fin de acortar lo mayormente posible los tiempos de su duraci\u00f3n.<\/p>\n","protected":false},"excerpt":{"rendered":"<p>Dar\u00edo Pale Xalapa, Ver.- El presidente municipal de Xalapa, Ricardo Ahued Bardahuil dio a conocer que no se prev\u00e9n protestas de comerciantes por cierre de la calle Lucio; est\u00e1n contentos con la obra. En entrevista se\u00f1al\u00f3 que, no se prev\u00e9n inconformidades de los comerciantes de la zona centro durante la rehabilitaci\u00f3n de la calle Lucio, [&hellip;]<\/p>\n","protected":false},"author":2476,"featured_media":51050,"comment_status":"open","ping_status":"open","sticky":false,"template":"","format":"standard","meta":{"_jetpack_memberships_contains_paid_content":false,"footnotes":""},"categories":[3],"tags":[],"class_list":["post-51049","post","type-post","status-publish","format-standard","has-post-thumbnail","hentry","category-xalapa"],"jetpack_featured_media_url":"https:\/\/encuentroinformativo.com.mx\/wp-content\/uploads\/2024\/02\/IMG-20240224-WA0094.jpg","jetpack_sharing_enabled":true,"jetpack_likes_enabled":true,"amp_enabled":true,"_links":{"self":[{"href":"https:\/\/encuentroinformativo.com.mx\/index.php?rest_route=\/wp\/v2\/posts\/51049","targetHints":{"allow":["GET"]}}],"collection":[{"href":"https:\/\/encuentroinformativo.com.mx\/index.php?rest_route=\/wp\/v2\/posts"}],"about":[{"href":"https:\/\/encuentroinformativo.com.mx\/index.php?rest_route=\/wp\/v2\/types\/post"}],"author":[{"embeddable":true,"href":"https:\/\/encuentroinformativo.com.mx\/index.php?rest_route=\/wp\/v2\/users\/2476"}],"replies":[{"embeddable":true,"href":"https:\/\/encuentroinformativo.com.mx\/index.php?rest_route=%2Fwp%2Fv2%2Fcomments&post=51049"}],"version-history":[{"count":1,"href":"https:\/\/encuentroinformativo.com.mx\/index.php?rest_route=\/wp\/v2\/posts\/51049\/revisions"}],"predecessor-version":[{"id":51051,"href":"https:\/\/encuentroinformativo.com.mx\/index.php?rest_route=\/wp\/v2\/posts\/51049\/revisions\/51051"}],"wp:featuredmedia":[{"embeddable":true,"href":"https:\/\/encuentroinformativo.com.mx\/index.php?rest_route=\/wp\/v2\/media\/51050"}],"wp:attachment":[{"href":"https:\/\/encuentroinformativo.com.mx\/index.php?rest_route=%2Fwp%2Fv2%2Fmedia&parent=51049"}],"wp:term":[{"taxonomy":"category","embeddable":true,"href":"https:\/\/encuentroinformativo.com.mx\/index.php?rest_route=%2Fwp%2Fv2%2Fcategories&post=51049"},{"taxonomy":"post_tag","embeddable":true,"href":"https:\/\/encuentroinformativo.com.mx\/index.php?rest_route=%2Fwp%2Fv2%2Ftags&post=51049"}],"curies":[{"name":"wp","href":"https:\/\/api.w.org\/{rel}","templated":true}]}}