{"id":51052,"date":"2024-02-24T16:28:33","date_gmt":"2024-02-24T22:28:33","guid":{"rendered":"https:\/\/encuentroinformativo.com.mx\/?p=51052"},"modified":"2024-02-24T16:28:38","modified_gmt":"2024-02-24T22:28:38","slug":"va-ex-rectora-uv-sara-ladron-de-guevara-en-segunda-formula-para-el-senado","status":"publish","type":"post","link":"https:\/\/encuentroinformativo.com.mx\/?p=51052","title":{"rendered":"Va ex rectora UV, Sara Ladr\u00f3n de Guevara en segunda f\u00f3rmula para el Senado"},"content":{"rendered":"\n<p><strong>Dar\u00edo Pale <\/strong><\/p>\n\n\n\n<p>Xalapa, Ver.- El Partido de la Revoluci\u00f3n Democr\u00e1tica (PRD), llevar\u00e1 en la segunda f\u00f3rmula a la exrectora de la Universidad Veracruzana (UV), como precandidata al senado por dicho partido dentro de la coalici\u00f3n &#8220;Fuerza y Coraz\u00f3n por Veracruz&#8221;.<\/p>\n\n\n\n<p>En el comit\u00e9 Ejecutivo Nacional del PRD la ex rectora de la Universidad Veracruzana, Sara Ladr\u00f3n de Guevara Gonz\u00e1lez obtuvo su constancia como pre candidata en la segunda f\u00f3rmula al Senado de la Rep\u00fablica por dicho partido.<\/p>\n\n\n\n<p>Fue el dirigente nacional del PRD Jes\u00fas Zambrano Grijalva quien le entreg\u00f3 dicho documento a ella y a su suplente, Mar\u00eda Zita Loya Argumedo, presidenta municipal de Tihuatl\u00e1n.<\/p>\n\n\n\n<p>En la primera f\u00f3rmula al Senado a trav\u00e9s del Partido Acci\u00f3n Nacional (PAN) van el ex candidato a gobernador Miguel \u00c1ngel Yunes M\u00e1rquez y el ex gobernador Miguel \u00c1ngel Yunes Linares como su suplente.\u00a0<\/p>\n\n\n\n<p>De esta forma quedaron integradas ambas f\u00f3rmulas al Senado por parte de la alianza PRI-PAN-PRD en el estado.<\/p>\n","protected":false},"excerpt":{"rendered":"<p>Dar\u00edo Pale Xalapa, Ver.- El Partido de la Revoluci\u00f3n Democr\u00e1tica (PRD), llevar\u00e1 en la segunda f\u00f3rmula a la exrectora de la Universidad Veracruzana (UV), como precandidata al senado por dicho partido dentro de la coalici\u00f3n &#8220;Fuerza y Coraz\u00f3n por Veracruz&#8221;. En el comit\u00e9 Ejecutivo Nacional del PRD la ex rectora de la Universidad Veracruzana, Sara [&hellip;]<\/p>\n","protected":false},"author":2476,"featured_media":51053,"comment_status":"open","ping_status":"open","sticky":false,"template":"","format":"standard","meta":{"_jetpack_memberships_contains_paid_content":false,"footnotes":""},"categories":[2],"tags":[],"class_list":["post-51052","post","type-post","status-publish","format-standard","has-post-thumbnail","hentry","category-estado"],"jetpack_featured_media_url":"https:\/\/encuentroinformativo.com.mx\/wp-content\/uploads\/2024\/02\/IMG-20240224-WA01062.jpg","jetpack_sharing_enabled":true,"jetpack_likes_enabled":true,"amp_enabled":true,"_links":{"self":[{"href":"https:\/\/encuentroinformativo.com.mx\/index.php?rest_route=\/wp\/v2\/posts\/51052","targetHints":{"allow":["GET"]}}],"collection":[{"href":"https:\/\/encuentroinformativo.com.mx\/index.php?rest_route=\/wp\/v2\/posts"}],"about":[{"href":"https:\/\/encuentroinformativo.com.mx\/index.php?rest_route=\/wp\/v2\/types\/post"}],"author":[{"embeddable":true,"href":"https:\/\/encuentroinformativo.com.mx\/index.php?rest_route=\/wp\/v2\/users\/2476"}],"replies":[{"embeddable":true,"href":"https:\/\/encuentroinformativo.com.mx\/index.php?rest_route=%2Fwp%2Fv2%2Fcomments&post=51052"}],"version-history":[{"count":1,"href":"https:\/\/encuentroinformativo.com.mx\/index.php?rest_route=\/wp\/v2\/posts\/51052\/revisions"}],"predecessor-version":[{"id":51054,"href":"https:\/\/encuentroinformativo.com.mx\/index.php?rest_route=\/wp\/v2\/posts\/51052\/revisions\/51054"}],"wp:featuredmedia":[{"embeddable":true,"href":"https:\/\/encuentroinformativo.com.mx\/index.php?rest_route=\/wp\/v2\/media\/51053"}],"wp:attachment":[{"href":"https:\/\/encuentroinformativo.com.mx\/index.php?rest_route=%2Fwp%2Fv2%2Fmedia&parent=51052"}],"wp:term":[{"taxonomy":"category","embeddable":true,"href":"https:\/\/encuentroinformativo.com.mx\/index.php?rest_route=%2Fwp%2Fv2%2Fcategories&post=51052"},{"taxonomy":"post_tag","embeddable":true,"href":"https:\/\/encuentroinformativo.com.mx\/index.php?rest_route=%2Fwp%2Fv2%2Ftags&post=51052"}],"curies":[{"name":"wp","href":"https:\/\/api.w.org\/{rel}","templated":true}]}}