{"id":51065,"date":"2024-02-26T11:16:19","date_gmt":"2024-02-26T17:16:19","guid":{"rendered":"https:\/\/encuentroinformativo.com.mx\/?p=51065"},"modified":"2024-02-26T11:16:24","modified_gmt":"2024-02-26T17:16:24","slug":"pobladores-de-medellin-de-bravo-bloquean-obra-de-grupo-mas","status":"publish","type":"post","link":"https:\/\/encuentroinformativo.com.mx\/?p=51065","title":{"rendered":"Pobladores de Medell\u00edn de Bravo bloquean obra de Grupo MAS"},"content":{"rendered":"\n<p><strong>Alejandro \u00c1vila<\/strong><\/p>\n\n\n\n<p>Medell\u00edn de Bravo, Ver.- Pobladores de Medell\u00edn de Bravo detuvieron los trabajos que reiniciar\u00eda la empresa privada, Grupo MAS para sustraer agua del R\u00edo Cotaxtla.<\/p>\n\n\n\n<p>El bloqueo a los trabajos es sobre la carretera Federal 180, a unos metros del crucero&nbsp; con la carretera Medell\u00edn &#8211; Jamapa.<\/p>\n\n\n\n<p>Es de recordar que la empresa privada Grupo MAS, pretende hacer un acueducto subterr\u00e1neo de 3 kilometros que vaya desde el R\u00edo Cotaxtla hacia la planta potabilizadora en la localidad de El Tejar en el municipio de Medell\u00edn de Bravo.<\/p>\n\n\n\n<p>A decir de los directivos de Grupo MAS estos cuentan con todos los documentos de Conagua en regla y adem\u00e1s, un Juez les otorg\u00f3 protecci\u00f3n judicial para que puedan concluir la obra con protecci\u00f3n de seguridad p\u00fablica, a fin de que los trabajadores no sean molestados.<\/p>\n\n\n\n<p>Esta obra en la cual se invertir\u00e1n en total 100 millones de pesos tiene que ser concluida antes de la \u00e9poca de estiaje, colegio celebrar\u00e1 beneficiar a 180 colonias de los municipios de Veracruz, Boca del R\u00edo y Medell\u00edn de Bravo.<\/p>\n\n\n\n<p>Es de mencionar que el R\u00edo Jamapa abastece \u00fanicamente el 45 por ciento de la planta potabilizadora, por lo cual los directivos de Grupo MAS aseguran que necesitan otra l\u00ednea de captaci\u00f3n.<\/p>\n","protected":false},"excerpt":{"rendered":"<p>Alejandro \u00c1vila Medell\u00edn de Bravo, Ver.- Pobladores de Medell\u00edn de Bravo detuvieron los trabajos que reiniciar\u00eda la empresa privada, Grupo MAS para sustraer agua del R\u00edo Cotaxtla. El bloqueo a los trabajos es sobre la carretera Federal 180, a unos metros del crucero&nbsp; con la carretera Medell\u00edn &#8211; Jamapa. Es de recordar que la empresa [&hellip;]<\/p>\n","protected":false},"author":2476,"featured_media":51066,"comment_status":"open","ping_status":"open","sticky":false,"template":"","format":"standard","meta":{"_jetpack_memberships_contains_paid_content":false,"footnotes":""},"categories":[2],"tags":[],"class_list":["post-51065","post","type-post","status-publish","format-standard","has-post-thumbnail","hentry","category-estado"],"jetpack_featured_media_url":"https:\/\/encuentroinformativo.com.mx\/wp-content\/uploads\/2024\/02\/IMG-20240226-WA00042.jpg","jetpack_sharing_enabled":true,"jetpack_likes_enabled":true,"amp_enabled":true,"_links":{"self":[{"href":"https:\/\/encuentroinformativo.com.mx\/index.php?rest_route=\/wp\/v2\/posts\/51065","targetHints":{"allow":["GET"]}}],"collection":[{"href":"https:\/\/encuentroinformativo.com.mx\/index.php?rest_route=\/wp\/v2\/posts"}],"about":[{"href":"https:\/\/encuentroinformativo.com.mx\/index.php?rest_route=\/wp\/v2\/types\/post"}],"author":[{"embeddable":true,"href":"https:\/\/encuentroinformativo.com.mx\/index.php?rest_route=\/wp\/v2\/users\/2476"}],"replies":[{"embeddable":true,"href":"https:\/\/encuentroinformativo.com.mx\/index.php?rest_route=%2Fwp%2Fv2%2Fcomments&post=51065"}],"version-history":[{"count":1,"href":"https:\/\/encuentroinformativo.com.mx\/index.php?rest_route=\/wp\/v2\/posts\/51065\/revisions"}],"predecessor-version":[{"id":51067,"href":"https:\/\/encuentroinformativo.com.mx\/index.php?rest_route=\/wp\/v2\/posts\/51065\/revisions\/51067"}],"wp:featuredmedia":[{"embeddable":true,"href":"https:\/\/encuentroinformativo.com.mx\/index.php?rest_route=\/wp\/v2\/media\/51066"}],"wp:attachment":[{"href":"https:\/\/encuentroinformativo.com.mx\/index.php?rest_route=%2Fwp%2Fv2%2Fmedia&parent=51065"}],"wp:term":[{"taxonomy":"category","embeddable":true,"href":"https:\/\/encuentroinformativo.com.mx\/index.php?rest_route=%2Fwp%2Fv2%2Fcategories&post=51065"},{"taxonomy":"post_tag","embeddable":true,"href":"https:\/\/encuentroinformativo.com.mx\/index.php?rest_route=%2Fwp%2Fv2%2Ftags&post=51065"}],"curies":[{"name":"wp","href":"https:\/\/api.w.org\/{rel}","templated":true}]}}