{"id":51068,"date":"2024-02-26T11:19:43","date_gmt":"2024-02-26T17:19:43","guid":{"rendered":"https:\/\/encuentroinformativo.com.mx\/?p=51068"},"modified":"2024-02-26T11:19:48","modified_gmt":"2024-02-26T17:19:48","slug":"ac-inicia-programa-de-becas-para-estudiantes-de-educacion-media-y-superior","status":"publish","type":"post","link":"https:\/\/encuentroinformativo.com.mx\/?p=51068","title":{"rendered":"AC inicia programa de becas para estudiantes de educaci\u00f3n media y superior"},"content":{"rendered":"\n<p><strong>Alejandro \u00c1vila<\/strong><\/p>\n\n\n\n<p>Medell\u00edn de Bravo, Ver.- Con la finalidad de que los j\u00f3venes de Medell\u00edn de Bravo no trunquen sus estudios debido a la falta de bachilleratos y universidades, la Asociaci\u00f3n Civil &#8220;MEMO&#8221;, que encabeza el empresario Guillermo Herrada Jim\u00e9nez, inici\u00f3 con el programa de becas para estudiantes.<\/p>\n\n\n\n<p>Aunado a ello, Guillermo Herrada dijo que buscar\u00e1 que empresarios que cuentan con bachilleratos y universidades privadas en los municipios de Veracruz y Boca del R\u00edo inviertan en Medell\u00edn de Bravo y coloquen sus instituciones educativas en zonas como Puente Moreno, ya que existe una alta demanda del nivel educativo Medio Superior y Superior.<\/p>\n\n\n\n<p>&#8220;Todas estas becas es para el p\u00fablico en general que quiera venir a capacitarse, a seguirse haciendo profesional, y esas convocatorias van a salir m\u00e1s adelante para todos, vamos a ir visitando escuelas, bachillerato, secundarias, y por supuesto tambi\u00e9n primarias porque el sector de nivel b\u00e1sico tambi\u00e9n est\u00e1 descuidado&#8221;, subray\u00f3.<\/p>\n\n\n\n<p>El empresario Guillermo Herrada recalc\u00f3 que no todo debe recaer en las instancias de gobierno, y como sociedad civil se deben buscar alternativas que ayuden a la ciudadan\u00eda, en este caso como empresario, entregando becas a los medallienses para vincularlos con el Colegio Las Am\u00e9ricas y el Centro de Computaci\u00f3n del Golfo.<\/p>\n\n\n\n<p>&#8220;Voy a seguir trabajando por mi municipio, y creo que me voy a enfocar mucho en este tema de la educaci\u00f3n porque mi municipio lo necesita, la educaci\u00f3n en general y los j\u00f3venes tenemos que ir preparados en esta vida, porque hoy se est\u00e1 descuidando hasta eso, hasta el sector educativo, pero reitero, voy a poner todo de mi parte para hacer algunas colaboraciones con escuelas particulares y en su momento tambi\u00e9n buscar invertir en mi municipio con el tema educativo&#8221;, culmin\u00f3.<\/p>\n","protected":false},"excerpt":{"rendered":"<p>Alejandro \u00c1vila Medell\u00edn de Bravo, Ver.- Con la finalidad de que los j\u00f3venes de Medell\u00edn de Bravo no trunquen sus estudios debido a la falta de bachilleratos y universidades, la Asociaci\u00f3n Civil &#8220;MEMO&#8221;, que encabeza el empresario Guillermo Herrada Jim\u00e9nez, inici\u00f3 con el programa de becas para estudiantes. Aunado a ello, Guillermo Herrada dijo que [&hellip;]<\/p>\n","protected":false},"author":2476,"featured_media":51069,"comment_status":"open","ping_status":"open","sticky":false,"template":"","format":"standard","meta":{"_jetpack_memberships_contains_paid_content":false,"footnotes":""},"categories":[2],"tags":[],"class_list":["post-51068","post","type-post","status-publish","format-standard","has-post-thumbnail","hentry","category-estado"],"jetpack_featured_media_url":"https:\/\/encuentroinformativo.com.mx\/wp-content\/uploads\/2024\/02\/IMG-20240226-WA00162.jpg","jetpack_sharing_enabled":true,"jetpack_likes_enabled":true,"amp_enabled":true,"_links":{"self":[{"href":"https:\/\/encuentroinformativo.com.mx\/index.php?rest_route=\/wp\/v2\/posts\/51068","targetHints":{"allow":["GET"]}}],"collection":[{"href":"https:\/\/encuentroinformativo.com.mx\/index.php?rest_route=\/wp\/v2\/posts"}],"about":[{"href":"https:\/\/encuentroinformativo.com.mx\/index.php?rest_route=\/wp\/v2\/types\/post"}],"author":[{"embeddable":true,"href":"https:\/\/encuentroinformativo.com.mx\/index.php?rest_route=\/wp\/v2\/users\/2476"}],"replies":[{"embeddable":true,"href":"https:\/\/encuentroinformativo.com.mx\/index.php?rest_route=%2Fwp%2Fv2%2Fcomments&post=51068"}],"version-history":[{"count":1,"href":"https:\/\/encuentroinformativo.com.mx\/index.php?rest_route=\/wp\/v2\/posts\/51068\/revisions"}],"predecessor-version":[{"id":51070,"href":"https:\/\/encuentroinformativo.com.mx\/index.php?rest_route=\/wp\/v2\/posts\/51068\/revisions\/51070"}],"wp:featuredmedia":[{"embeddable":true,"href":"https:\/\/encuentroinformativo.com.mx\/index.php?rest_route=\/wp\/v2\/media\/51069"}],"wp:attachment":[{"href":"https:\/\/encuentroinformativo.com.mx\/index.php?rest_route=%2Fwp%2Fv2%2Fmedia&parent=51068"}],"wp:term":[{"taxonomy":"category","embeddable":true,"href":"https:\/\/encuentroinformativo.com.mx\/index.php?rest_route=%2Fwp%2Fv2%2Fcategories&post=51068"},{"taxonomy":"post_tag","embeddable":true,"href":"https:\/\/encuentroinformativo.com.mx\/index.php?rest_route=%2Fwp%2Fv2%2Ftags&post=51068"}],"curies":[{"name":"wp","href":"https:\/\/api.w.org\/{rel}","templated":true}]}}