{"id":51083,"date":"2024-02-26T14:30:06","date_gmt":"2024-02-26T20:30:06","guid":{"rendered":"https:\/\/encuentroinformativo.com.mx\/?p=51083"},"modified":"2024-02-26T14:30:13","modified_gmt":"2024-02-26T20:30:13","slug":"invitan-a-cuarta-edicion-del-dia-del-taco","status":"publish","type":"post","link":"https:\/\/encuentroinformativo.com.mx\/?p=51083","title":{"rendered":"Invitan a Cuarta edici\u00f3n del D\u00eda del Taco"},"content":{"rendered":"\n<p><strong>Dar\u00edo Pale <\/strong><\/p>\n\n\n\n<p>Xalapa, Ver.- El presidente del Consejo Gastron\u00f3mico Veracruzano (CGV), Sergio Santos Monfil, dio a conocer la Cuarta Edici\u00f3n del D\u00eda del Taco, misma que se realizar\u00e1 los d\u00edas 30 y 31 de marzo en el Parque Ju\u00e1rez de las 10:00 a las 21:00 horas.\u00a0<\/p>\n\n\n\n<p>En conferencia de prensa indic\u00f3 que dicho evento contar\u00e1 con 55 expositores, quienes ofrecer\u00e1n incluso tacos ex\u00f3ticos.<\/p>\n\n\n\n<p>Por su parte, el director de Turismo municipal de Xalapa, Jos\u00fae V\u00e1zquez Gonz\u00e1lez, indic\u00f3 que con este tipo de actividades la capital se posiciona en la gastronom\u00eda, adem\u00e1s de ofrecer estos espacios que dejan beneficios a los peque\u00f1os empresarios.\u00a0<\/p>\n\n\n\n<p>Asimismo, el Chef del CGV, Francisco Cuevas Ferrer, refiri\u00f3 que en esta edici\u00f3n se esperan alrededor de 25 mil asistentes y que se reporte una derrama econ\u00f3mica que supere casi el mill\u00f3n de pesos que se registr\u00f3 la edici\u00f3n pasada.\u00a0<\/p>\n\n\n\n<p>\u201cEsperamos 25 mil asistentes durante los dos d\u00edas del evento. Realmente hay una reactivaci\u00f3n econ\u00f3mica y es a trav\u00e9s de este tipo de iniciativas, estamos haciendo lo propio para que en Xalapa cada vez m\u00e1s haya eventos de calidad y esta es la muestra\u201d, se\u00f1al\u00f3.<\/p>\n\n\n\n<p>Agreg\u00f3 que el n\u00famero de expositores solo se aument\u00f3 un poco para que todos estos emprendedores puedan comercializar su producto y tengan ganancias, no obstante exhortar\u00e1n a los participantes a que ofrezcan algunas \u00a0promociones.\u00a0<\/p>\n\n\n\n<p>Finalmente dieron a conocer que tambi\u00e9n habr\u00e1 un programa art\u00edstico a cargo de la direcci\u00f3n de Cultura del Ayuntamiento de Xalapa, un \u00e1rea infantil y concursos.<\/p>\n","protected":false},"excerpt":{"rendered":"<p>Dar\u00edo Pale Xalapa, Ver.- El presidente del Consejo Gastron\u00f3mico Veracruzano (CGV), Sergio Santos Monfil, dio a conocer la Cuarta Edici\u00f3n del D\u00eda del Taco, misma que se realizar\u00e1 los d\u00edas 30 y 31 de marzo en el Parque Ju\u00e1rez de las 10:00 a las 21:00 horas.\u00a0 En conferencia de prensa indic\u00f3 que dicho evento contar\u00e1 [&hellip;]<\/p>\n","protected":false},"author":2476,"featured_media":51084,"comment_status":"open","ping_status":"open","sticky":false,"template":"","format":"standard","meta":{"_jetpack_memberships_contains_paid_content":false,"footnotes":""},"categories":[3],"tags":[],"class_list":["post-51083","post","type-post","status-publish","format-standard","has-post-thumbnail","hentry","category-xalapa"],"jetpack_featured_media_url":"https:\/\/encuentroinformativo.com.mx\/wp-content\/uploads\/2024\/02\/IMG-20240226-WA0044.jpg","jetpack_sharing_enabled":true,"jetpack_likes_enabled":true,"amp_enabled":true,"_links":{"self":[{"href":"https:\/\/encuentroinformativo.com.mx\/index.php?rest_route=\/wp\/v2\/posts\/51083","targetHints":{"allow":["GET"]}}],"collection":[{"href":"https:\/\/encuentroinformativo.com.mx\/index.php?rest_route=\/wp\/v2\/posts"}],"about":[{"href":"https:\/\/encuentroinformativo.com.mx\/index.php?rest_route=\/wp\/v2\/types\/post"}],"author":[{"embeddable":true,"href":"https:\/\/encuentroinformativo.com.mx\/index.php?rest_route=\/wp\/v2\/users\/2476"}],"replies":[{"embeddable":true,"href":"https:\/\/encuentroinformativo.com.mx\/index.php?rest_route=%2Fwp%2Fv2%2Fcomments&post=51083"}],"version-history":[{"count":1,"href":"https:\/\/encuentroinformativo.com.mx\/index.php?rest_route=\/wp\/v2\/posts\/51083\/revisions"}],"predecessor-version":[{"id":51085,"href":"https:\/\/encuentroinformativo.com.mx\/index.php?rest_route=\/wp\/v2\/posts\/51083\/revisions\/51085"}],"wp:featuredmedia":[{"embeddable":true,"href":"https:\/\/encuentroinformativo.com.mx\/index.php?rest_route=\/wp\/v2\/media\/51084"}],"wp:attachment":[{"href":"https:\/\/encuentroinformativo.com.mx\/index.php?rest_route=%2Fwp%2Fv2%2Fmedia&parent=51083"}],"wp:term":[{"taxonomy":"category","embeddable":true,"href":"https:\/\/encuentroinformativo.com.mx\/index.php?rest_route=%2Fwp%2Fv2%2Fcategories&post=51083"},{"taxonomy":"post_tag","embeddable":true,"href":"https:\/\/encuentroinformativo.com.mx\/index.php?rest_route=%2Fwp%2Fv2%2Ftags&post=51083"}],"curies":[{"name":"wp","href":"https:\/\/api.w.org\/{rel}","templated":true}]}}