{"id":51086,"date":"2024-02-26T14:48:52","date_gmt":"2024-02-26T20:48:52","guid":{"rendered":"https:\/\/encuentroinformativo.com.mx\/?p=51086"},"modified":"2024-02-26T14:48:58","modified_gmt":"2024-02-26T20:48:58","slug":"aumenta-robo-de-taxis-en-municipios-de-la-region","status":"publish","type":"post","link":"https:\/\/encuentroinformativo.com.mx\/?p=51086","title":{"rendered":"Aumenta robo de taxis en municipios de la regi\u00f3n"},"content":{"rendered":"\n<p><strong>Juan Arcos <\/strong><\/p>\n\n\n\n<p>Xalapa, Ver.- Los robos de taxis con violencia aumentaron durante los \u00faltimos d\u00edas en la regi\u00f3n capital del estado de Veracruz.<\/p>\n\n\n\n<p>Uno de los atracos m\u00e1s recientes ocurri\u00f3 la ma\u00f1ana del domingo 25 de febrero en agravio de un taxista de la ciudad de Xalapa.<\/p>\n\n\n\n<p>Realiz\u00f3 un viaje de Xalapa a Carrizal, municipio de Apazapan, donde fue v\u00edctima de un robo con violencia.<\/p>\n\n\n\n<p>El chofer de la unidad envi\u00f3 un mensaje a sus dem\u00e1s compa\u00f1eros para solicitar ayuda para localizar el auto y tambi\u00e9n alertarlos sobre lo ocurrido.<\/p>\n\n\n\n<p>Juli\u00e1n detall\u00f3 que le apuntaron con una pistola y le quitaron el coche junto con todas sus pertenencias.<\/p>\n\n\n\n<p>\u201cSi pueden apoyarme por favor, pues no s\u00e9 si lo llegaran a ver o avisarme, es un Chevrolet Beat 2018, con n\u00famero econ\u00f3mico es XL9206 de Xalapa, por favor si me pueden apoyar\u201d.<\/p>\n\n\n\n<p>Diversas organizaciones de taxistas han levantado la voz para exigir a las autoridades mayor seguridad, pues ha habido robos y asaltos en contra de su gremio en diversos municipios de la entidad.<\/p>\n","protected":false},"excerpt":{"rendered":"<p>Juan Arcos Xalapa, Ver.- Los robos de taxis con violencia aumentaron durante los \u00faltimos d\u00edas en la regi\u00f3n capital del estado de Veracruz. Uno de los atracos m\u00e1s recientes ocurri\u00f3 la ma\u00f1ana del domingo 25 de febrero en agravio de un taxista de la ciudad de Xalapa. Realiz\u00f3 un viaje de Xalapa a Carrizal, municipio [&hellip;]<\/p>\n","protected":false},"author":2476,"featured_media":51088,"comment_status":"open","ping_status":"open","sticky":false,"template":"","format":"standard","meta":{"_jetpack_memberships_contains_paid_content":false,"footnotes":""},"categories":[8],"tags":[],"class_list":["post-51086","post","type-post","status-publish","format-standard","has-post-thumbnail","hentry","category-region"],"jetpack_featured_media_url":"https:\/\/encuentroinformativo.com.mx\/wp-content\/uploads\/2024\/02\/IMG_8517.jpg","jetpack_sharing_enabled":true,"jetpack_likes_enabled":true,"amp_enabled":true,"_links":{"self":[{"href":"https:\/\/encuentroinformativo.com.mx\/index.php?rest_route=\/wp\/v2\/posts\/51086","targetHints":{"allow":["GET"]}}],"collection":[{"href":"https:\/\/encuentroinformativo.com.mx\/index.php?rest_route=\/wp\/v2\/posts"}],"about":[{"href":"https:\/\/encuentroinformativo.com.mx\/index.php?rest_route=\/wp\/v2\/types\/post"}],"author":[{"embeddable":true,"href":"https:\/\/encuentroinformativo.com.mx\/index.php?rest_route=\/wp\/v2\/users\/2476"}],"replies":[{"embeddable":true,"href":"https:\/\/encuentroinformativo.com.mx\/index.php?rest_route=%2Fwp%2Fv2%2Fcomments&post=51086"}],"version-history":[{"count":1,"href":"https:\/\/encuentroinformativo.com.mx\/index.php?rest_route=\/wp\/v2\/posts\/51086\/revisions"}],"predecessor-version":[{"id":51089,"href":"https:\/\/encuentroinformativo.com.mx\/index.php?rest_route=\/wp\/v2\/posts\/51086\/revisions\/51089"}],"wp:featuredmedia":[{"embeddable":true,"href":"https:\/\/encuentroinformativo.com.mx\/index.php?rest_route=\/wp\/v2\/media\/51088"}],"wp:attachment":[{"href":"https:\/\/encuentroinformativo.com.mx\/index.php?rest_route=%2Fwp%2Fv2%2Fmedia&parent=51086"}],"wp:term":[{"taxonomy":"category","embeddable":true,"href":"https:\/\/encuentroinformativo.com.mx\/index.php?rest_route=%2Fwp%2Fv2%2Fcategories&post=51086"},{"taxonomy":"post_tag","embeddable":true,"href":"https:\/\/encuentroinformativo.com.mx\/index.php?rest_route=%2Fwp%2Fv2%2Ftags&post=51086"}],"curies":[{"name":"wp","href":"https:\/\/api.w.org\/{rel}","templated":true}]}}