{"id":5109,"date":"2020-08-20T18:04:11","date_gmt":"2020-08-20T23:04:11","guid":{"rendered":"https:\/\/encuentroinformativo.com\/?p=5109"},"modified":"2020-08-20T18:04:14","modified_gmt":"2020-08-20T23:04:14","slug":"incrementa-robo-de-taxis-en-xalapa-y-alrededores","status":"publish","type":"post","link":"https:\/\/encuentroinformativo.com.mx\/?p=5109","title":{"rendered":"Incrementa robo de taxis en Xalapa y alrededores"},"content":{"rendered":"\n<p><strong>Juan Arcos <\/strong><\/p>\n\n\n\n<p>Xalapa, Ver.- Dos taxis fueron robados en Xalapa y sus alrededores, entre martes y mi\u00e9rcoles de esta semana.<\/p>\n\n\n\n<p>Los due\u00f1os de las unidades consideraron que este delito ha aumentado en los \u00faltimos meses.<\/p>\n\n\n\n<p>Uno de los taxis fue robado en la unidad habitacional Bugambilias, ubicada en el municipio de Emiliano Zapata, cerca de la capital del estado.<\/p>\n\n\n\n<p>Esto ocurri\u00f3 alrededor de las 3:00 de la madrugada de este mi\u00e9rcoles. El chofer comparti\u00f3 en redes sociales una fotograf\u00eda de la unidad, con n\u00famero econ\u00f3mico XL-8147 y placas A-197-XDT del estado de Veracruz.<\/p>\n\n\n\n<p>En el otro caso, el conductor fue v\u00edctima de un asalto a mano armada, en el municipio de Teocelo, a 25 kil\u00f3metros de Xalapa, donde le quitaron el veh\u00edculo.<\/p>\n\n\n\n<p>Tambi\u00e9n pidi\u00f3 apoyo de la poblaci\u00f3n en redes sociales, para dar con el paradero de la unidad XL1061.<\/p>\n\n\n\n<p>\u201cMe lo robaron a mano armada por la zona de Teocelo rumbo a Baxtla. Si alguien lo llega a ver avisen por favor. O alguien que tenga un familiar rumbo a Teocelo, me pudiera apoyar, se los agradecer\u00eda\u201d, se lee en la publicaci\u00f3n.<\/p>\n\n\n\n<p>El pasado 17 de julio, otro taxista indic\u00f3 que fue robada su unidad en la colonia Reforma, muy cerca de la zona centro de Xalapa, donde han contabilizado hasta cinco robos de veh\u00edculos: tres taxis y dos particulares.<\/p>\n\n\n\n<p>De acuerdo con el Informe de Incidencia Delictiva del Fuero Com\u00fan 2020, de enero a julio, se han contabilizado 3 mil 332 robos de veh\u00edculo automotor en el estado de Veracruz.<br>Se trata de 2 mil 400 robos de coches de cuatro ruedas, seg\u00fan cifras del Secretariado Ejecutivo del Sistema Nacional de Seguridad P\u00fablica (SESNSP).<\/p>\n\n\n\n<p>Del total, 804 casos ocurrieron con violencia y mil 596 sin violencia, situaci\u00f3n que qued\u00f3 establecido en carpetas de investigaci\u00f3n y averiguaciones previas iniciadas por dicho delito.<\/p>\n\n\n\n<p>Las cifras oficiales muestran que tambi\u00e9n han ocurrido 101 robos a transportistas: 86 con violencia y 15 sin violencia.<\/p>\n\n\n\n<p><\/p>\n","protected":false},"excerpt":{"rendered":"<p>Juan Arcos Xalapa, Ver.- Dos taxis fueron robados en Xalapa y sus alrededores, entre martes y mi\u00e9rcoles de esta semana. Los due\u00f1os de las unidades consideraron que este delito ha aumentado en los \u00faltimos meses. Uno de los taxis fue robado en la unidad habitacional Bugambilias, ubicada en el municipio de Emiliano Zapata, cerca de [&hellip;]<\/p>\n","protected":false},"author":1,"featured_media":5110,"comment_status":"open","ping_status":"open","sticky":false,"template":"","format":"standard","meta":{"_jetpack_memberships_contains_paid_content":false,"footnotes":""},"categories":[8],"tags":[],"class_list":["post-5109","post","type-post","status-publish","format-standard","has-post-thumbnail","hentry","category-region"],"jetpack_featured_media_url":"https:\/\/encuentroinformativo.com.mx\/wp-content\/uploads\/2020\/08\/57D8DACC-89EE-4D62-BAA4-BC7E26378148.jpeg","jetpack_sharing_enabled":true,"jetpack_likes_enabled":true,"amp_enabled":true,"_links":{"self":[{"href":"https:\/\/encuentroinformativo.com.mx\/index.php?rest_route=\/wp\/v2\/posts\/5109","targetHints":{"allow":["GET"]}}],"collection":[{"href":"https:\/\/encuentroinformativo.com.mx\/index.php?rest_route=\/wp\/v2\/posts"}],"about":[{"href":"https:\/\/encuentroinformativo.com.mx\/index.php?rest_route=\/wp\/v2\/types\/post"}],"author":[{"embeddable":true,"href":"https:\/\/encuentroinformativo.com.mx\/index.php?rest_route=\/wp\/v2\/users\/1"}],"replies":[{"embeddable":true,"href":"https:\/\/encuentroinformativo.com.mx\/index.php?rest_route=%2Fwp%2Fv2%2Fcomments&post=5109"}],"version-history":[{"count":1,"href":"https:\/\/encuentroinformativo.com.mx\/index.php?rest_route=\/wp\/v2\/posts\/5109\/revisions"}],"predecessor-version":[{"id":5111,"href":"https:\/\/encuentroinformativo.com.mx\/index.php?rest_route=\/wp\/v2\/posts\/5109\/revisions\/5111"}],"wp:featuredmedia":[{"embeddable":true,"href":"https:\/\/encuentroinformativo.com.mx\/index.php?rest_route=\/wp\/v2\/media\/5110"}],"wp:attachment":[{"href":"https:\/\/encuentroinformativo.com.mx\/index.php?rest_route=%2Fwp%2Fv2%2Fmedia&parent=5109"}],"wp:term":[{"taxonomy":"category","embeddable":true,"href":"https:\/\/encuentroinformativo.com.mx\/index.php?rest_route=%2Fwp%2Fv2%2Fcategories&post=5109"},{"taxonomy":"post_tag","embeddable":true,"href":"https:\/\/encuentroinformativo.com.mx\/index.php?rest_route=%2Fwp%2Fv2%2Ftags&post=5109"}],"curies":[{"name":"wp","href":"https:\/\/api.w.org\/{rel}","templated":true}]}}