{"id":51093,"date":"2024-02-26T14:56:57","date_gmt":"2024-02-26T20:56:57","guid":{"rendered":"https:\/\/encuentroinformativo.com.mx\/?p=51093"},"modified":"2024-02-26T14:57:02","modified_gmt":"2024-02-26T20:57:02","slug":"trasladan-a-exfiscal-jorge-n-a-penal-de-guanajuato","status":"publish","type":"post","link":"https:\/\/encuentroinformativo.com.mx\/?p=51093","title":{"rendered":"Trasladan a exfiscal Jorge &#8220;N&#8221; a penal de Guanajuato"},"content":{"rendered":"\n<p><strong>Juan Arcos <\/strong><\/p>\n\n\n\n<p>Xalapa, Ver.- Luego de su vinculaci\u00f3n a proceso por el delito de tortura, el exfiscal general de Veracruz, Jorge \u201cN\u201d, sali\u00f3 del penal de Pacho Viejo, municipio de Coatepec, y fue trasladado al Centro Federal de Readaptaci\u00f3n Social (Cefereso) n\u00famero 12, en el estado de Guanajuato.<\/p>\n\n\n\n<p>El pasado mi\u00e9rcoles 21 de febrero, la Fiscal\u00eda General del Estado (FGE) obtuvo la vinculaci\u00f3n a proceso del exfuncionario estatal por el delito de tortura, en hechos ocurridos en mayo de 2018.<\/p>\n\n\n\n<p>Un juez de proceso y procedimiento penal oral del XI distrito judicial de Xalapa, con sede en Pacho Viejo, ratific\u00f3 la medida cautelar de prisi\u00f3n preventiva justificada por un a\u00f1o, dentro del proceso penal 47\/2022.<\/p>\n\n\n\n<p>Rodolfo F\u00e9lix C\u00e1rdenas, abogado de Jorge \u201cN\u201d, indic\u00f3 que la Fiscal\u00eda General de Veracruz deber\u00e1 informar este lunes los motivos y detalles sobre el traslado de su cliente.<\/p>\n\n\n\n<p>El pasado 16 de febrero, un juez de control del Distrito Judicial de Toluca orden\u00f3 su liberaci\u00f3n en el proceso que se le segu\u00eda por delitos de desaparici\u00f3n forzada y privaci\u00f3n ilegal de la libertad en su modalidad de secuestro.<\/p>\n\n\n\n<p>Tras el cambio de medidas cautelares para que se aplicara el resguardo domiciliario, el exfiscal general del estado fue trasladado a los juzgados del penal Pacho Viejo, en la regi\u00f3n capital de Veracruz, por la nueva orden de aprehensi\u00f3n.<\/p>\n\n\n\n<p>Al exfiscal de Veracruz, quien es amigo del exgobernador Miguel \u00c1ngel Yunes Linares, se le acusaba del secuestro de Francisco Z\u00e1rate Avi\u00f1a, exchofer de Luis \u00c1ngel Bravo Contreras, quien fuera fiscal durante el gobierno de Javier Duarte de Ochoa.<\/p>\n\n\n\n<p>La Fiscal\u00eda General del Estado cumpliment\u00f3 una nueva de orden de aprehensi\u00f3n en su contra ahora por el delito de tortura y seguir\u00e1 el proceso penal en la c\u00e1rcel.<\/p>\n","protected":false},"excerpt":{"rendered":"<p>Juan Arcos Xalapa, Ver.- Luego de su vinculaci\u00f3n a proceso por el delito de tortura, el exfiscal general de Veracruz, Jorge \u201cN\u201d, sali\u00f3 del penal de Pacho Viejo, municipio de Coatepec, y fue trasladado al Centro Federal de Readaptaci\u00f3n Social (Cefereso) n\u00famero 12, en el estado de Guanajuato. El pasado mi\u00e9rcoles 21 de febrero, la [&hellip;]<\/p>\n","protected":false},"author":2476,"featured_media":51094,"comment_status":"open","ping_status":"open","sticky":false,"template":"","format":"standard","meta":{"_jetpack_memberships_contains_paid_content":false,"footnotes":""},"categories":[12],"tags":[],"class_list":["post-51093","post","type-post","status-publish","format-standard","has-post-thumbnail","hentry","category-nacional"],"jetpack_featured_media_url":"https:\/\/encuentroinformativo.com.mx\/wp-content\/uploads\/2024\/02\/IMG_8973.jpg","jetpack_sharing_enabled":true,"jetpack_likes_enabled":true,"amp_enabled":true,"_links":{"self":[{"href":"https:\/\/encuentroinformativo.com.mx\/index.php?rest_route=\/wp\/v2\/posts\/51093","targetHints":{"allow":["GET"]}}],"collection":[{"href":"https:\/\/encuentroinformativo.com.mx\/index.php?rest_route=\/wp\/v2\/posts"}],"about":[{"href":"https:\/\/encuentroinformativo.com.mx\/index.php?rest_route=\/wp\/v2\/types\/post"}],"author":[{"embeddable":true,"href":"https:\/\/encuentroinformativo.com.mx\/index.php?rest_route=\/wp\/v2\/users\/2476"}],"replies":[{"embeddable":true,"href":"https:\/\/encuentroinformativo.com.mx\/index.php?rest_route=%2Fwp%2Fv2%2Fcomments&post=51093"}],"version-history":[{"count":1,"href":"https:\/\/encuentroinformativo.com.mx\/index.php?rest_route=\/wp\/v2\/posts\/51093\/revisions"}],"predecessor-version":[{"id":51095,"href":"https:\/\/encuentroinformativo.com.mx\/index.php?rest_route=\/wp\/v2\/posts\/51093\/revisions\/51095"}],"wp:featuredmedia":[{"embeddable":true,"href":"https:\/\/encuentroinformativo.com.mx\/index.php?rest_route=\/wp\/v2\/media\/51094"}],"wp:attachment":[{"href":"https:\/\/encuentroinformativo.com.mx\/index.php?rest_route=%2Fwp%2Fv2%2Fmedia&parent=51093"}],"wp:term":[{"taxonomy":"category","embeddable":true,"href":"https:\/\/encuentroinformativo.com.mx\/index.php?rest_route=%2Fwp%2Fv2%2Fcategories&post=51093"},{"taxonomy":"post_tag","embeddable":true,"href":"https:\/\/encuentroinformativo.com.mx\/index.php?rest_route=%2Fwp%2Fv2%2Ftags&post=51093"}],"curies":[{"name":"wp","href":"https:\/\/api.w.org\/{rel}","templated":true}]}}