{"id":51099,"date":"2024-02-26T16:24:21","date_gmt":"2024-02-26T22:24:21","guid":{"rendered":"https:\/\/encuentroinformativo.com.mx\/?p=51099"},"modified":"2024-02-26T16:24:25","modified_gmt":"2024-02-26T22:24:25","slug":"sin-beneficio-con-puente-de-las-trancas-senalan-automovilistas","status":"publish","type":"post","link":"https:\/\/encuentroinformativo.com.mx\/?p=51099","title":{"rendered":"Sin beneficio con puente de Las Trancas, se\u00f1alan automovilistas"},"content":{"rendered":"\n<p><strong>Juan Arcos <\/strong><\/p>\n\n\n\n<p>Xalapa, Ver.- Conductores de la capital del estado se quejan del puente Las Trancas, ya que no funciona para agilizar el tr\u00e1nsito en esta zona de la ciudad, motivo para el que fue construido.<\/p>\n\n\n\n<p>Jos\u00e9 Ram\u00edrez, poblador de Xalapa, expres\u00f3 que tarda m\u00e1s cuando conduce por el puente que bajo el puente con direcci\u00f3n a la plaza comercial o las oficinas de la Secretar\u00eda de Educaci\u00f3n de Veracruz (SEV).<\/p>\n\n\n\n<p>\u201cNo s\u00e9 por qu\u00e9 estuvieron tanto con ese puente que supuestamente iba a decir para que la gente no estuviera en el tr\u00e1fico y pasa uno ah\u00ed, y de todas maneras se atora\u201d, expres\u00f3.<\/p>\n\n\n\n<p>El entrevistado coment\u00f3 que a la inoperancia del puente se suma el cierre de tramos sobre esta zona, ya sea por la instalaci\u00f3n de comerciantes o por el cierre de un carril sin motivo espec\u00edfico.<\/p>\n\n\n\n<p>Ante ello, se\u00f1al\u00f3 que prefiere conducir hacia Lomas Verdes y Rebsamen en lugar de transitar por L\u00e1zaro C\u00e1rdenas, justo en el tramo del puente Las Trancas.<\/p>\n\n\n\n<p>\u201cTe tienes que dar toda la vuelta, si es tan f\u00e1cil que uno vaya r\u00e1pido, o sea que ese puente no sirvi\u00f3. Uno ya mejor se va a Lomas Verdes porque ese puente fue pues cochinada\u201d, enfatizaron los quejosos.<\/p>\n\n\n\n<p>Desde hace varias semanas se han incrementado las quejas ciudadanas debido al caos vial que se origina en la zona, pese a la obra que se llev\u00f3 a cabo para presuntamente contrarrestar la problem\u00e1tica.<\/p>\n\n\n\n<p>Por tal motivo, pidieron la intervenci\u00f3n de las autoridades para que lleven a cabo las acciones necesarias y mejoren la vialidad en la zona sur de la ciudad, sobre la carretera que conduce hacia el puerto de Veracruz o Banderilla.<\/p>\n","protected":false},"excerpt":{"rendered":"<p>Juan Arcos Xalapa, Ver.- Conductores de la capital del estado se quejan del puente Las Trancas, ya que no funciona para agilizar el tr\u00e1nsito en esta zona de la ciudad, motivo para el que fue construido. Jos\u00e9 Ram\u00edrez, poblador de Xalapa, expres\u00f3 que tarda m\u00e1s cuando conduce por el puente que bajo el puente con [&hellip;]<\/p>\n","protected":false},"author":2476,"featured_media":51100,"comment_status":"open","ping_status":"open","sticky":false,"template":"","format":"standard","meta":{"_jetpack_memberships_contains_paid_content":false,"footnotes":""},"categories":[8],"tags":[],"class_list":["post-51099","post","type-post","status-publish","format-standard","has-post-thumbnail","hentry","category-region"],"jetpack_featured_media_url":"https:\/\/encuentroinformativo.com.mx\/wp-content\/uploads\/2024\/02\/0585dfed-b602-47bf-aaa6-5b73d3d962342.jpg","jetpack_sharing_enabled":true,"jetpack_likes_enabled":true,"amp_enabled":true,"_links":{"self":[{"href":"https:\/\/encuentroinformativo.com.mx\/index.php?rest_route=\/wp\/v2\/posts\/51099","targetHints":{"allow":["GET"]}}],"collection":[{"href":"https:\/\/encuentroinformativo.com.mx\/index.php?rest_route=\/wp\/v2\/posts"}],"about":[{"href":"https:\/\/encuentroinformativo.com.mx\/index.php?rest_route=\/wp\/v2\/types\/post"}],"author":[{"embeddable":true,"href":"https:\/\/encuentroinformativo.com.mx\/index.php?rest_route=\/wp\/v2\/users\/2476"}],"replies":[{"embeddable":true,"href":"https:\/\/encuentroinformativo.com.mx\/index.php?rest_route=%2Fwp%2Fv2%2Fcomments&post=51099"}],"version-history":[{"count":1,"href":"https:\/\/encuentroinformativo.com.mx\/index.php?rest_route=\/wp\/v2\/posts\/51099\/revisions"}],"predecessor-version":[{"id":51101,"href":"https:\/\/encuentroinformativo.com.mx\/index.php?rest_route=\/wp\/v2\/posts\/51099\/revisions\/51101"}],"wp:featuredmedia":[{"embeddable":true,"href":"https:\/\/encuentroinformativo.com.mx\/index.php?rest_route=\/wp\/v2\/media\/51100"}],"wp:attachment":[{"href":"https:\/\/encuentroinformativo.com.mx\/index.php?rest_route=%2Fwp%2Fv2%2Fmedia&parent=51099"}],"wp:term":[{"taxonomy":"category","embeddable":true,"href":"https:\/\/encuentroinformativo.com.mx\/index.php?rest_route=%2Fwp%2Fv2%2Fcategories&post=51099"},{"taxonomy":"post_tag","embeddable":true,"href":"https:\/\/encuentroinformativo.com.mx\/index.php?rest_route=%2Fwp%2Fv2%2Ftags&post=51099"}],"curies":[{"name":"wp","href":"https:\/\/api.w.org\/{rel}","templated":true}]}}