{"id":51102,"date":"2024-02-26T16:34:53","date_gmt":"2024-02-26T22:34:53","guid":{"rendered":"https:\/\/encuentroinformativo.com.mx\/?p=51102"},"modified":"2024-02-26T16:34:58","modified_gmt":"2024-02-26T22:34:58","slug":"ester-exposito-inicia-grabaciones-en-puerto-de-veracruz","status":"publish","type":"post","link":"https:\/\/encuentroinformativo.com.mx\/?p=51102","title":{"rendered":"Ester Exp\u00f3sito inicia grabaciones en Puerto de Veracruz"},"content":{"rendered":"\n<p><strong>Alejandro \u00c1vila<\/strong><\/p>\n\n\n\n<p><strong><em>Fotos<\/em>: <\/strong>F\u00e9lix M\u00e1rquez\/Cortes\u00eda<\/p>\n\n\n\n<p>Veracruz, Ver.- Desde la ma\u00f1ana de este lunes varias calles del Centro Hist\u00f3rico del Puerto de Veracruz fueron cerradas por las grabaciones de la serie Bandidos, la nueva producci\u00f3n de Netflix que se grabar\u00e1 adem\u00e1s en otros cinco municipios de la entidad veracruzana.<\/p>\n\n\n\n<p>Las grabaciones causaron gran expectaci\u00f3n pues est\u00e1 protagonizada por la actriz, Ester Exp\u00f3sito y el actor, Alfonso Dosal; adem\u00e1s de, Mabel Cadena y Juan Pablo Medina.&nbsp;<\/p>\n\n\n\n<p>La serie de acci\u00f3n y aventura se estrenar\u00e1 en la plataforma de streaming Netflix el pr\u00f3ximo 13 de marzo del 2024; en ella se narra la historia de un grupo de bandidos que encuentra un mapa antiguo e inician una traves\u00eda por el caribe mexicano en busca de un tesoro.<\/p>\n\n\n\n<p>Apenas este domingo la actriz, Ester Exp\u00f3sito caus\u00f3 furor en las redes sociales al mostrar unas im\u00e1genes de ella en las playas del Puerto de Veracruz, donde mostraba su espalda con un tatuaje de acuarela.<\/p>\n\n\n\n<p>Adem\u00e1s del Puerto de Veracruz, ya se hicieron grabaciones en el municipio de Puente Nacional, y posteriormente se tiene contemplado que la producci\u00f3n se traslade a Perote, La Antigua, Alvarado y Boca del R\u00edo.<\/p>\n\n\n\n<figure class=\"wp-block-image size-large\"><img loading=\"lazy\" decoding=\"async\" width=\"1024\" height=\"682\" src=\"https:\/\/encuentroinformativo.com.mx\/wp-content\/uploads\/2024\/02\/IMG-20240226-WA0142-1024x682.jpg\" alt=\"\" class=\"wp-image-51104\" srcset=\"https:\/\/encuentroinformativo.com.mx\/wp-content\/uploads\/2024\/02\/IMG-20240226-WA0142-1024x682.jpg 1024w, https:\/\/encuentroinformativo.com.mx\/wp-content\/uploads\/2024\/02\/IMG-20240226-WA0142-300x200.jpg 300w, https:\/\/encuentroinformativo.com.mx\/wp-content\/uploads\/2024\/02\/IMG-20240226-WA0142-768x512.jpg 768w, https:\/\/encuentroinformativo.com.mx\/wp-content\/uploads\/2024\/02\/IMG-20240226-WA0142-1536x1023.jpg 1536w, https:\/\/encuentroinformativo.com.mx\/wp-content\/uploads\/2024\/02\/IMG-20240226-WA0142.jpg 1600w\" sizes=\"auto, (max-width: 1024px) 100vw, 1024px\" \/><\/figure>\n","protected":false},"excerpt":{"rendered":"<p>Alejandro \u00c1vila Fotos: F\u00e9lix M\u00e1rquez\/Cortes\u00eda Veracruz, Ver.- Desde la ma\u00f1ana de este lunes varias calles del Centro Hist\u00f3rico del Puerto de Veracruz fueron cerradas por las grabaciones de la serie Bandidos, la nueva producci\u00f3n de Netflix que se grabar\u00e1 adem\u00e1s en otros cinco municipios de la entidad veracruzana. Las grabaciones causaron gran expectaci\u00f3n pues est\u00e1 [&hellip;]<\/p>\n","protected":false},"author":2476,"featured_media":51103,"comment_status":"open","ping_status":"open","sticky":false,"template":"","format":"standard","meta":{"_jetpack_memberships_contains_paid_content":false,"footnotes":""},"categories":[2],"tags":[],"class_list":["post-51102","post","type-post","status-publish","format-standard","has-post-thumbnail","hentry","category-estado"],"jetpack_featured_media_url":"https:\/\/encuentroinformativo.com.mx\/wp-content\/uploads\/2024\/02\/IMG-20240226-WA0139.jpg","jetpack_sharing_enabled":true,"jetpack_likes_enabled":true,"amp_enabled":true,"_links":{"self":[{"href":"https:\/\/encuentroinformativo.com.mx\/index.php?rest_route=\/wp\/v2\/posts\/51102","targetHints":{"allow":["GET"]}}],"collection":[{"href":"https:\/\/encuentroinformativo.com.mx\/index.php?rest_route=\/wp\/v2\/posts"}],"about":[{"href":"https:\/\/encuentroinformativo.com.mx\/index.php?rest_route=\/wp\/v2\/types\/post"}],"author":[{"embeddable":true,"href":"https:\/\/encuentroinformativo.com.mx\/index.php?rest_route=\/wp\/v2\/users\/2476"}],"replies":[{"embeddable":true,"href":"https:\/\/encuentroinformativo.com.mx\/index.php?rest_route=%2Fwp%2Fv2%2Fcomments&post=51102"}],"version-history":[{"count":1,"href":"https:\/\/encuentroinformativo.com.mx\/index.php?rest_route=\/wp\/v2\/posts\/51102\/revisions"}],"predecessor-version":[{"id":51105,"href":"https:\/\/encuentroinformativo.com.mx\/index.php?rest_route=\/wp\/v2\/posts\/51102\/revisions\/51105"}],"wp:featuredmedia":[{"embeddable":true,"href":"https:\/\/encuentroinformativo.com.mx\/index.php?rest_route=\/wp\/v2\/media\/51103"}],"wp:attachment":[{"href":"https:\/\/encuentroinformativo.com.mx\/index.php?rest_route=%2Fwp%2Fv2%2Fmedia&parent=51102"}],"wp:term":[{"taxonomy":"category","embeddable":true,"href":"https:\/\/encuentroinformativo.com.mx\/index.php?rest_route=%2Fwp%2Fv2%2Fcategories&post=51102"},{"taxonomy":"post_tag","embeddable":true,"href":"https:\/\/encuentroinformativo.com.mx\/index.php?rest_route=%2Fwp%2Fv2%2Ftags&post=51102"}],"curies":[{"name":"wp","href":"https:\/\/api.w.org\/{rel}","templated":true}]}}