{"id":51106,"date":"2024-02-26T23:27:41","date_gmt":"2024-02-27T05:27:41","guid":{"rendered":"https:\/\/encuentroinformativo.com.mx\/?p=51106"},"modified":"2024-02-26T23:27:45","modified_gmt":"2024-02-27T05:27:45","slug":"regresaron-a-ex-fiscal-jorge-n-a-pacho-viejo","status":"publish","type":"post","link":"https:\/\/encuentroinformativo.com.mx\/?p=51106","title":{"rendered":"Regresaron a ex fiscal Jorge &#8220;N&#8221; a Pacho Viejo"},"content":{"rendered":"\n<p><strong>Juan Arcos <\/strong><\/p>\n\n\n\n<p>Xalapa, Ver.- Luego de su vinculaci\u00f3n a proceso por el delito de tortura, el exfiscal general de Veracruz, Jorge \u201cN\u201d, sali\u00f3 del penal de Pacho Viejo, municipio de Coatepec, y fue trasladado al Centro Federal de Readaptaci\u00f3n Social (Cefereso) n\u00famero 12, en el estado de Guanajuato, durante el fin de semana.<\/p>\n\n\n\n<p>Sin embargo, la tarde de este lunes 26 de febrero se dio a conocer que ser\u00eda reingresado a Pacho, a petici\u00f3n de su representaci\u00f3n legal.<\/p>\n\n\n\n<p>Una jueza orden\u00f3 regresar a Jorge \u201cN\u201d al penal de Pacho Viejo. Rodolfo F\u00e9lix C\u00e1rdenas, abogado del exfiscal de Veracruz, dio a conocer que no fue ratificada la orden de traslado al penal federal.<\/p>\n\n\n\n<p>Tambi\u00e9n enfatiz\u00f3 que este procedimiento pone en riesgo la integridad de su cliente y opin\u00f3 que moverlo de un penal a otro es un abuso de poder, por lo que se podr\u00eda proceder legalmente.<\/p>\n\n\n\n<p>El pasado mi\u00e9rcoles 21 de febrero, la Fiscal\u00eda General del Estado (FGE) obtuvo la vinculaci\u00f3n a proceso del exfuncionario estatal por el delito de tortura, en hechos ocurridos en mayo de 2018.<\/p>\n\n\n\n<p>Un juez de proceso y procedimiento penal oral del XI distrito judicial de Xalapa, con sede en Pacho Viejo, ratific\u00f3 la medida cautelar de prisi\u00f3n preventiva justificada por un a\u00f1o, dentro del proceso penal 47\/2022.<\/p>\n\n\n\n<p>El pasado 16 de febrero, un juez de control del Distrito Judicial de Toluca orden\u00f3 su liberaci\u00f3n en el proceso que se le segu\u00eda por delitos de desaparici\u00f3n forzada y privaci\u00f3n ilegal de la libertad en su modalidad de secuestro.<\/p>\n\n\n\n<p>Tras el cambio de medidas cautelares para que se aplicara el resguardo domiciliario, el exfiscal general del estado fue trasladado a los juzgados del penal Pacho Viejo, en la regi\u00f3n capital de Veracruz, por la nueva orden de aprehensi\u00f3n.<\/p>\n\n\n\n<p>Al exfiscal de Veracruz, quien es amigo del exgobernador Miguel \u00c1ngel Yunes Linares, se le acusaba del secuestro de Francisco Z\u00e1rate Avi\u00f1a, exchofer de Luis \u00c1ngel Bravo Contreras, quien fuera fiscal durante el gobierno de Javier Duarte de Ochoa.<\/p>\n\n\n\n<p>La Fiscal\u00eda General del Estado cumpliment\u00f3 una nueva de orden de aprehensi\u00f3n en su contra, ahora por el delito de tortura, y seguir\u00e1 el proceso penal en la c\u00e1rcel de Pacho Viejo.<\/p>\n","protected":false},"excerpt":{"rendered":"<p>Juan Arcos Xalapa, Ver.- Luego de su vinculaci\u00f3n a proceso por el delito de tortura, el exfiscal general de Veracruz, Jorge \u201cN\u201d, sali\u00f3 del penal de Pacho Viejo, municipio de Coatepec, y fue trasladado al Centro Federal de Readaptaci\u00f3n Social (Cefereso) n\u00famero 12, en el estado de Guanajuato, durante el fin de semana. Sin embargo, [&hellip;]<\/p>\n","protected":false},"author":2476,"featured_media":21349,"comment_status":"open","ping_status":"open","sticky":false,"template":"","format":"standard","meta":{"_jetpack_memberships_contains_paid_content":false,"footnotes":""},"categories":[2],"tags":[],"class_list":["post-51106","post","type-post","status-publish","format-standard","has-post-thumbnail","hentry","category-estado"],"jetpack_featured_media_url":"https:\/\/encuentroinformativo.com.mx\/wp-content\/uploads\/2021\/12\/7D3824B8-0460-4744-AC65-BF658EC4DE37.jpeg","jetpack_sharing_enabled":true,"jetpack_likes_enabled":true,"amp_enabled":true,"_links":{"self":[{"href":"https:\/\/encuentroinformativo.com.mx\/index.php?rest_route=\/wp\/v2\/posts\/51106","targetHints":{"allow":["GET"]}}],"collection":[{"href":"https:\/\/encuentroinformativo.com.mx\/index.php?rest_route=\/wp\/v2\/posts"}],"about":[{"href":"https:\/\/encuentroinformativo.com.mx\/index.php?rest_route=\/wp\/v2\/types\/post"}],"author":[{"embeddable":true,"href":"https:\/\/encuentroinformativo.com.mx\/index.php?rest_route=\/wp\/v2\/users\/2476"}],"replies":[{"embeddable":true,"href":"https:\/\/encuentroinformativo.com.mx\/index.php?rest_route=%2Fwp%2Fv2%2Fcomments&post=51106"}],"version-history":[{"count":1,"href":"https:\/\/encuentroinformativo.com.mx\/index.php?rest_route=\/wp\/v2\/posts\/51106\/revisions"}],"predecessor-version":[{"id":51107,"href":"https:\/\/encuentroinformativo.com.mx\/index.php?rest_route=\/wp\/v2\/posts\/51106\/revisions\/51107"}],"wp:featuredmedia":[{"embeddable":true,"href":"https:\/\/encuentroinformativo.com.mx\/index.php?rest_route=\/wp\/v2\/media\/21349"}],"wp:attachment":[{"href":"https:\/\/encuentroinformativo.com.mx\/index.php?rest_route=%2Fwp%2Fv2%2Fmedia&parent=51106"}],"wp:term":[{"taxonomy":"category","embeddable":true,"href":"https:\/\/encuentroinformativo.com.mx\/index.php?rest_route=%2Fwp%2Fv2%2Fcategories&post=51106"},{"taxonomy":"post_tag","embeddable":true,"href":"https:\/\/encuentroinformativo.com.mx\/index.php?rest_route=%2Fwp%2Fv2%2Ftags&post=51106"}],"curies":[{"name":"wp","href":"https:\/\/api.w.org\/{rel}","templated":true}]}}