{"id":51113,"date":"2024-02-27T12:06:30","date_gmt":"2024-02-27T18:06:30","guid":{"rendered":"https:\/\/encuentroinformativo.com.mx\/?p=51113"},"modified":"2024-02-27T12:06:36","modified_gmt":"2024-02-27T18:06:36","slug":"ine-repondra-credenciales-extraviadas","status":"publish","type":"post","link":"https:\/\/encuentroinformativo.com.mx\/?p=51113","title":{"rendered":"INE repondr\u00e1 credenciales extraviadas"},"content":{"rendered":"\n<p>Xalapa, Ver.- El Instituto Nacional Electoral (INE) informa que la ciudadan\u00eda que haya extraviado su Credencial para Votar vigente tiene hasta el 20 de mayo para solicitar una copia id\u00e9ntica que le permita participar en las elecciones del domingo 2 de junio.\u00a0<\/p>\n\n\n\n<p>El Vocal del Registro Federal de Electores en el Estado de Veracruz, Sergio Vera Olvera, alert\u00f3 a la ciudadan\u00eda que hubiese perdido su Credencial para Votar, ya sea por extrav\u00edo o robo, que el pr\u00f3ximo 20 de mayo ser\u00e1\u0301 el \u00faltimo d\u00eda para solicitar la reimpresi\u00f3n de su mica electoral en cualquiera de los 66 m\u00f3dulos del INE en la entidad.&nbsp;<\/p>\n\n\n\n<p>\u201cPara la reimpresi\u00f3n de la Credencial para Votar no es necesario sacar una cita ni presentar documentaci\u00f3n en el m\u00f3dulo de atenci\u00f3n ciudadana, ya que la ciudadana o ciudadano es identificado por medio de sus huellas digitales\u201d.&nbsp;<\/p>\n\n\n\n<p>El funcionario electoral aclar\u00f3 que, al solicitar la reimpresi\u00f3n de la Credencial para Votar, su titular no podr\u00e1\u0301 hacer actualizaciones a sus datos, foto y firma, debido a que la Credencial resultante ser\u00e1 id\u00e9ntica a la que extravi\u00f3.&nbsp;<\/p>\n\n\n\n<p>Por otro lado, Vera Olvera inform\u00f3 que el pasado 25 de febrero feneci\u00f3 el plazo de inscripci\u00f3n de personas en la Lista Nominal del Electorado en el Extranjero para los Procesos Electorales Federal y Locales 2023-2024. \u201cYa tenemos un corte preliminar de 65,681 veracruzanas y veracruzanos en el Padr\u00f3n Electoral y de 26,493 personas que estar\u00e1n en la Lista Nominal con la posibilidad de votar, en cualquiera de las tres modalidades, desde el extranjero\u201d.&nbsp;<\/p>\n\n\n\n<p>Finalmente, Vera Olvera invit\u00f3 a todas las personas que realizaron un tr\u00e1mite registral en el 2023, o en las primeras semanas del 2024 en alg\u00fan m\u00f3dulo, a recoger su nueva credencial, \u201ctienen hasta el pr\u00f3ximo 14 de marzo ya que no habr\u00e1 pr\u00f3rroga para realizar este tr\u00e1mite\u201d.&nbsp;<\/p>\n","protected":false},"excerpt":{"rendered":"<p>Xalapa, Ver.- El Instituto Nacional Electoral (INE) informa que la ciudadan\u00eda que haya extraviado su Credencial para Votar vigente tiene hasta el 20 de mayo para solicitar una copia id\u00e9ntica que le permita participar en las elecciones del domingo 2 de junio.\u00a0 El Vocal del Registro Federal de Electores en el Estado de Veracruz, Sergio [&hellip;]<\/p>\n","protected":false},"author":2476,"featured_media":51114,"comment_status":"open","ping_status":"open","sticky":false,"template":"","format":"standard","meta":{"_jetpack_memberships_contains_paid_content":false,"footnotes":""},"categories":[2],"tags":[],"class_list":["post-51113","post","type-post","status-publish","format-standard","has-post-thumbnail","hentry","category-estado"],"jetpack_featured_media_url":"https:\/\/encuentroinformativo.com.mx\/wp-content\/uploads\/2024\/02\/IMG-20240227-WA0091.jpg","jetpack_sharing_enabled":true,"jetpack_likes_enabled":true,"amp_enabled":true,"_links":{"self":[{"href":"https:\/\/encuentroinformativo.com.mx\/index.php?rest_route=\/wp\/v2\/posts\/51113","targetHints":{"allow":["GET"]}}],"collection":[{"href":"https:\/\/encuentroinformativo.com.mx\/index.php?rest_route=\/wp\/v2\/posts"}],"about":[{"href":"https:\/\/encuentroinformativo.com.mx\/index.php?rest_route=\/wp\/v2\/types\/post"}],"author":[{"embeddable":true,"href":"https:\/\/encuentroinformativo.com.mx\/index.php?rest_route=\/wp\/v2\/users\/2476"}],"replies":[{"embeddable":true,"href":"https:\/\/encuentroinformativo.com.mx\/index.php?rest_route=%2Fwp%2Fv2%2Fcomments&post=51113"}],"version-history":[{"count":1,"href":"https:\/\/encuentroinformativo.com.mx\/index.php?rest_route=\/wp\/v2\/posts\/51113\/revisions"}],"predecessor-version":[{"id":51115,"href":"https:\/\/encuentroinformativo.com.mx\/index.php?rest_route=\/wp\/v2\/posts\/51113\/revisions\/51115"}],"wp:featuredmedia":[{"embeddable":true,"href":"https:\/\/encuentroinformativo.com.mx\/index.php?rest_route=\/wp\/v2\/media\/51114"}],"wp:attachment":[{"href":"https:\/\/encuentroinformativo.com.mx\/index.php?rest_route=%2Fwp%2Fv2%2Fmedia&parent=51113"}],"wp:term":[{"taxonomy":"category","embeddable":true,"href":"https:\/\/encuentroinformativo.com.mx\/index.php?rest_route=%2Fwp%2Fv2%2Fcategories&post=51113"},{"taxonomy":"post_tag","embeddable":true,"href":"https:\/\/encuentroinformativo.com.mx\/index.php?rest_route=%2Fwp%2Fv2%2Ftags&post=51113"}],"curies":[{"name":"wp","href":"https:\/\/api.w.org\/{rel}","templated":true}]}}