{"id":51116,"date":"2024-02-27T12:34:36","date_gmt":"2024-02-27T18:34:36","guid":{"rendered":"https:\/\/encuentroinformativo.com.mx\/?p=51116"},"modified":"2024-02-27T12:34:42","modified_gmt":"2024-02-27T18:34:42","slug":"a-pesar-de-crisis-de-agua-autoridades-se-llevaran-liquido-para-otras-entidades-critica-cnc","status":"publish","type":"post","link":"https:\/\/encuentroinformativo.com.mx\/?p=51116","title":{"rendered":"A pesar de crisis de agua; autoridades se llevar\u00e1n l\u00edquido para otras entidades, cr\u00edtica CNC"},"content":{"rendered":"\n<p><strong>Dar\u00edo Pale<\/strong><\/p>\n\n\n\n<p>Xalapa, Ver.- Es muy lamentable que a pesar de la crisis de agua que hay en Veracruz para los productores ganaderos y agropecuarios, el Gobernador haya aceptado que se lleven el agua para otras entidades, as\u00ed lo dio a conocer el l\u00edder de la Confederaci\u00f3n Nacional Campesina (CNC), \u00a0Manuel Guerrero S\u00e1nchez.<\/p>\n\n\n\n<p>En entrevista se\u00f1al\u00f3 que los vasos lacustres est\u00e1n a su m\u00ednima capacidad, incluso otros est\u00e1n secos, como la presa de Chicayan, al norte de la Entidad.<\/p>\n\n\n\n<p>Adem\u00e1s, se\u00f1al\u00f3 que las lagunas se est\u00e1n secando y los r\u00edos est\u00e1n llegando a niveles hist\u00f3ricos, nunca antes vistos.<\/p>\n\n\n\n<p>&#8220;Y con la noticia de que el Gobernador junto con el Presidente, anunciaron que se van a llevar el agua de Veracruz&#8221;, se\u00f1al\u00f3.<\/p>\n\n\n\n<p>&#8220;El gobernador de Tamaulipas, Am\u00e9rico Villareal, lo anunci\u00f3, es una situaci\u00f3n muy lamentable y complicada, porque si observamos el mapa de sequ\u00eda en el pa\u00eds, Veracruz es de los estados que m\u00e1s est\u00e1 siendo afectado&#8221;, agreg\u00f3.<\/p>\n\n\n\n<p>El l\u00edder agrarista enfatiz\u00f3 que esto no s\u00f3lo afecta a la ganader\u00eda, sino tambi\u00e9n a la agricultura.<\/p>\n\n\n\n<p>Incluso los ganaderos est\u00e1n llevando agua con pipas, adem\u00e1s de que est\u00e1n acarreando pacas de pastura.<\/p>\n\n\n\n<p>&#8220;Se nos viene un tema muy complicado en estos pr\u00f3ximos meses para nuestros compa\u00f1eros ganaderos, agricultores y pescadores, porque al no haber lagunas, presas, al no haber suficiente captaci\u00f3n de agua tambi\u00e9n baja para ellos el nivel de pesca&#8221;, lament\u00f3.<\/p>\n\n\n\n<p>Por \u00faltimo en ese sentido, consider\u00f3 que la gente est\u00e1 volteando a ver a los partidos de oposici\u00f3n, porque los que hoy gobiernan olvidaron al campo.<\/p>\n","protected":false},"excerpt":{"rendered":"<p>Dar\u00edo Pale Xalapa, Ver.- Es muy lamentable que a pesar de la crisis de agua que hay en Veracruz para los productores ganaderos y agropecuarios, el Gobernador haya aceptado que se lleven el agua para otras entidades, as\u00ed lo dio a conocer el l\u00edder de la Confederaci\u00f3n Nacional Campesina (CNC), \u00a0Manuel Guerrero S\u00e1nchez. En entrevista [&hellip;]<\/p>\n","protected":false},"author":2476,"featured_media":51117,"comment_status":"open","ping_status":"open","sticky":false,"template":"","format":"standard","meta":{"_jetpack_memberships_contains_paid_content":false,"footnotes":""},"categories":[2],"tags":[],"class_list":["post-51116","post","type-post","status-publish","format-standard","has-post-thumbnail","hentry","category-estado"],"jetpack_featured_media_url":"https:\/\/encuentroinformativo.com.mx\/wp-content\/uploads\/2024\/02\/IMG-20240227-WA0095.jpg","jetpack_sharing_enabled":true,"jetpack_likes_enabled":true,"amp_enabled":true,"_links":{"self":[{"href":"https:\/\/encuentroinformativo.com.mx\/index.php?rest_route=\/wp\/v2\/posts\/51116","targetHints":{"allow":["GET"]}}],"collection":[{"href":"https:\/\/encuentroinformativo.com.mx\/index.php?rest_route=\/wp\/v2\/posts"}],"about":[{"href":"https:\/\/encuentroinformativo.com.mx\/index.php?rest_route=\/wp\/v2\/types\/post"}],"author":[{"embeddable":true,"href":"https:\/\/encuentroinformativo.com.mx\/index.php?rest_route=\/wp\/v2\/users\/2476"}],"replies":[{"embeddable":true,"href":"https:\/\/encuentroinformativo.com.mx\/index.php?rest_route=%2Fwp%2Fv2%2Fcomments&post=51116"}],"version-history":[{"count":1,"href":"https:\/\/encuentroinformativo.com.mx\/index.php?rest_route=\/wp\/v2\/posts\/51116\/revisions"}],"predecessor-version":[{"id":51118,"href":"https:\/\/encuentroinformativo.com.mx\/index.php?rest_route=\/wp\/v2\/posts\/51116\/revisions\/51118"}],"wp:featuredmedia":[{"embeddable":true,"href":"https:\/\/encuentroinformativo.com.mx\/index.php?rest_route=\/wp\/v2\/media\/51117"}],"wp:attachment":[{"href":"https:\/\/encuentroinformativo.com.mx\/index.php?rest_route=%2Fwp%2Fv2%2Fmedia&parent=51116"}],"wp:term":[{"taxonomy":"category","embeddable":true,"href":"https:\/\/encuentroinformativo.com.mx\/index.php?rest_route=%2Fwp%2Fv2%2Fcategories&post=51116"},{"taxonomy":"post_tag","embeddable":true,"href":"https:\/\/encuentroinformativo.com.mx\/index.php?rest_route=%2Fwp%2Fv2%2Ftags&post=51116"}],"curies":[{"name":"wp","href":"https:\/\/api.w.org\/{rel}","templated":true}]}}