{"id":51119,"date":"2024-02-27T12:41:29","date_gmt":"2024-02-27T18:41:29","guid":{"rendered":"https:\/\/encuentroinformativo.com.mx\/?p=51119"},"modified":"2024-02-27T12:41:34","modified_gmt":"2024-02-27T18:41:34","slug":"angel-r-cabada-ya-cuenta-con-centro-de-transferencia-de-residuos-pma","status":"publish","type":"post","link":"https:\/\/encuentroinformativo.com.mx\/?p=51119","title":{"rendered":"\u00c1ngel R. Cabada ya cuenta con Centro de Transferencia de Residuos: PMA"},"content":{"rendered":"\n<p><strong>Alejandro \u00c1vila<\/strong><\/p>\n\n\n\n<p>Veracruz, Ver.- La Procuradur\u00eda de Medio Ambiente (PMA) inform\u00f3 que el municipio de \u00c1ngel R. Cabada ya cuenta con un Centro de Transferencia de Residuos, mismo en el que se invirtieron m\u00e1s de 30 millones de pesos.<\/p>\n\n\n\n<p>El titular de la dependencia estatal, Sergio Rodr\u00edguez Cort\u00e9s, dijo que de esta manera se contin\u00faa la eliminaci\u00f3n de los tiraderos a cielo abierto; en este nuevo sitio se podr\u00e1n depositar, separar y reciclar desechos que se generan en varios municipios de la regi\u00f3n.<\/p>\n\n\n\n<p>El Centro de Transferencia de Residuos en el municipio de \u00c1ngel R. Cabada se construye con todas las caracter\u00edsticas necesarias para llevar a cabo la adecuada disposici\u00f3n final de los desechos que llegar\u00e1n desde varios municipios de la regi\u00f3n hasta este sitio; adem\u00e1s, contar\u00e1 con infraestructura para no emitir gases y canalizar los lixiviados a un \u00e1rea de tratamiento.<\/p>\n\n\n\n<p>Este proyecto consiste en la construcci\u00f3n de un Centro de Transferencia de Residuos en el municipio de Juan Rodr\u00edguez Clara, Veracruz, y tiene como objetivo tratar al 90% de la poblaci\u00f3n, tanto de la cabecera municipal como las localidades y municipios aleda\u00f1os.&nbsp;<\/p>\n\n\n\n<p>En el sitio se realizar\u00e1, adem\u00e1s, la separaci\u00f3n mec\u00e1nica por tipo de residuos: org\u00e1nicos e inorg\u00e1nicos; as\u00ed como por tama\u00f1o, por pl\u00e1sticos, PET, aluminio y envases, entre otros, a trav\u00e9s de una maquina clasificadora de residuos, donde estos se trasladar\u00e1n a trav\u00e9s de unas bandas; primero pasar\u00e1 por un separador magn\u00e9tico, donde se filtrar\u00e1n los residuos met\u00e1licos para posteriormente ser separados manualmente. Los residuos org\u00e1nicos se ir\u00e1n a una fosa de compostaje, donde habr\u00e1 un drenaje de lixiviados para llegar a una laguna donde se trate estos fluidos.<\/p>\n\n\n\n<p>\u201cEste proyecto hoy es una realidad ac\u00e1; cuenta con un techado, tenemos concreto hidr\u00e1ulico, accesos para los camiones de bajo y alto tonelaje, tenemos una caseta principal, tenemos la b\u00e1scula, una barda perimetral, pero lo m\u00e1s importante ya est\u00e1 aqu\u00ed la m\u00e1quina separadora de residuos\u201d, apunt\u00f3 el funcionario estatal.<\/p>\n\n\n\n<p>Explic\u00f3 que con la m\u00e1quina separadora de residuos se reducir\u00e1, reciclar\u00e1 y reutilizar\u00e1 la basura que llegue al Centro de Transferencia, logrando as\u00ed que mucha de \u00e9sta tenga un segundo uso.<\/p>\n\n\n\n<p>\u201cLa m\u00e1quina separadora de residuos nos permitir\u00e1 valorizar todos lo que antes se iba al hoyo, al medio ambiente, y con esto procurar una econom\u00eda circular como lo pide la Organizaci\u00f3n de las Naciones Unidas\u201d, detall\u00f3 Rodr\u00edguez Cort\u00e9s.<\/p>\n\n\n\n<p>Por su parte el presidente municipal de \u00c1ngel R. Cabada, Julio C\u00e9sar Garc\u00eda, agradeci\u00f3 al procurador Sergio Rodr\u00edguez Cort\u00e9s.<\/p>\n\n\n\n<p>\u201cMuy agradecido Procurador, contigo, por todo el apoyo que nos has brindado (\u2026). En \u00c1ngel R. Cabada, la gente est\u00e1 muy contenta, te agradezco de parte de ellos por esta magna obra que no solamente beneficia a Cabada como municipio, sino que va a beneficiar a toda la regi\u00f3n, esta obra no solamente va a ayudar al medio ambiente, tambi\u00e9n nos trae fuentes de empleo, algo que tambi\u00e9n necesitamos en nuestro municipio&#8221;.<\/p>\n","protected":false},"excerpt":{"rendered":"<p>Alejandro \u00c1vila Veracruz, Ver.- La Procuradur\u00eda de Medio Ambiente (PMA) inform\u00f3 que el municipio de \u00c1ngel R. Cabada ya cuenta con un Centro de Transferencia de Residuos, mismo en el que se invirtieron m\u00e1s de 30 millones de pesos. El titular de la dependencia estatal, Sergio Rodr\u00edguez Cort\u00e9s, dijo que de esta manera se contin\u00faa [&hellip;]<\/p>\n","protected":false},"author":2476,"featured_media":51120,"comment_status":"open","ping_status":"open","sticky":false,"template":"","format":"standard","meta":{"_jetpack_memberships_contains_paid_content":false,"footnotes":""},"categories":[2],"tags":[],"class_list":["post-51119","post","type-post","status-publish","format-standard","has-post-thumbnail","hentry","category-estado"],"jetpack_featured_media_url":"https:\/\/encuentroinformativo.com.mx\/wp-content\/uploads\/2024\/02\/IMG-20240227-WA0010.jpg","jetpack_sharing_enabled":true,"jetpack_likes_enabled":true,"amp_enabled":true,"_links":{"self":[{"href":"https:\/\/encuentroinformativo.com.mx\/index.php?rest_route=\/wp\/v2\/posts\/51119","targetHints":{"allow":["GET"]}}],"collection":[{"href":"https:\/\/encuentroinformativo.com.mx\/index.php?rest_route=\/wp\/v2\/posts"}],"about":[{"href":"https:\/\/encuentroinformativo.com.mx\/index.php?rest_route=\/wp\/v2\/types\/post"}],"author":[{"embeddable":true,"href":"https:\/\/encuentroinformativo.com.mx\/index.php?rest_route=\/wp\/v2\/users\/2476"}],"replies":[{"embeddable":true,"href":"https:\/\/encuentroinformativo.com.mx\/index.php?rest_route=%2Fwp%2Fv2%2Fcomments&post=51119"}],"version-history":[{"count":1,"href":"https:\/\/encuentroinformativo.com.mx\/index.php?rest_route=\/wp\/v2\/posts\/51119\/revisions"}],"predecessor-version":[{"id":51121,"href":"https:\/\/encuentroinformativo.com.mx\/index.php?rest_route=\/wp\/v2\/posts\/51119\/revisions\/51121"}],"wp:featuredmedia":[{"embeddable":true,"href":"https:\/\/encuentroinformativo.com.mx\/index.php?rest_route=\/wp\/v2\/media\/51120"}],"wp:attachment":[{"href":"https:\/\/encuentroinformativo.com.mx\/index.php?rest_route=%2Fwp%2Fv2%2Fmedia&parent=51119"}],"wp:term":[{"taxonomy":"category","embeddable":true,"href":"https:\/\/encuentroinformativo.com.mx\/index.php?rest_route=%2Fwp%2Fv2%2Fcategories&post=51119"},{"taxonomy":"post_tag","embeddable":true,"href":"https:\/\/encuentroinformativo.com.mx\/index.php?rest_route=%2Fwp%2Fv2%2Ftags&post=51119"}],"curies":[{"name":"wp","href":"https:\/\/api.w.org\/{rel}","templated":true}]}}