{"id":51122,"date":"2024-02-27T12:45:02","date_gmt":"2024-02-27T18:45:02","guid":{"rendered":"https:\/\/encuentroinformativo.com.mx\/?p=51122"},"modified":"2024-02-27T13:35:09","modified_gmt":"2024-02-27T19:35:09","slug":"a-c-regalara-fiestas-de-graduacion-a-estudiantes-de-bachillerato","status":"publish","type":"post","link":"https:\/\/encuentroinformativo.com.mx\/?p=51122","title":{"rendered":"A.C regalar\u00e1 fiestas de graduaci\u00f3n a estudiantes de bachillerato"},"content":{"rendered":"\n<p><strong>Alejandro \u00c1vila<\/strong><\/p>\n\n\n\n<p>Medell\u00edn de Bravo, Ver.- El empresario, Guillermo Herrada Jim\u00e9nez, mencion\u00f3 que regalar\u00e1 a trav\u00e9s de su Asociaci\u00f3n Civil Memo, pre fiestas de fin de cursos a los estudiantes de bachillerato del municipio de Medell\u00edn de Bravo.<\/p>\n\n\n\n<p>En video difundidos en redes sociales mencion\u00f3 que tras el \u00e9xito que se obtuvo en su \u00faltimo evento donde se regalaron becas universitarias y de c\u00f3mputo para los estudiantes del municipio, se ha planteado el obsequiarles a los estudiantes su pre fiesta de fin de cursos.<\/p>\n\n\n\n<p>&#8220;He tomado la decisi\u00f3n de seguir motiv\u00e1ndolos e impuls\u00e1ndolos a\u00fan m\u00e1s, gracias a ello voy a regalar sus pre fiestas de fin de cursos de las personitas que vayan a egresar de bachillerato que est\u00e9n instalados en nuestro municipio de Medell\u00edn. Vamos a aportar el espacio que va a hacer una albercada, vamos a aportar el sonido y por supuesto, la comida y los refrescos&#8221;, expres\u00f3.<\/p>\n\n\n\n<p>Este es un proyecto m\u00e1s que se suma al programa &#8220;MEMOtivan los J\u00f3venes&#8221;, mismo que busca incentivar a los estudiantes del municipio de Medell\u00edn de Bravo para que contin\u00faen sus estudios.<\/p>\n\n\n\n<p>Cabe recordar que pasado fin de semana, Guillermo Herrada regal\u00f3 50 becas universitarias y de c\u00f3mputo a j\u00f3venes del municipio de Medell\u00edn de Bravo.<\/p>\n","protected":false},"excerpt":{"rendered":"<p>Alejandro \u00c1vila Medell\u00edn de Bravo, Ver.- El empresario, Guillermo Herrada Jim\u00e9nez, mencion\u00f3 que regalar\u00e1 a trav\u00e9s de su Asociaci\u00f3n Civil Memo, pre fiestas de fin de cursos a los estudiantes de bachillerato del municipio de Medell\u00edn de Bravo. En video difundidos en redes sociales mencion\u00f3 que tras el \u00e9xito que se obtuvo en su \u00faltimo [&hellip;]<\/p>\n","protected":false},"author":2476,"featured_media":51123,"comment_status":"open","ping_status":"open","sticky":false,"template":"","format":"standard","meta":{"_jetpack_memberships_contains_paid_content":false,"footnotes":""},"categories":[2],"tags":[],"class_list":["post-51122","post","type-post","status-publish","format-standard","has-post-thumbnail","hentry","category-estado"],"jetpack_featured_media_url":"https:\/\/encuentroinformativo.com.mx\/wp-content\/uploads\/2024\/02\/IMG-20240227-WA01002.jpg","jetpack_sharing_enabled":true,"jetpack_likes_enabled":true,"amp_enabled":true,"_links":{"self":[{"href":"https:\/\/encuentroinformativo.com.mx\/index.php?rest_route=\/wp\/v2\/posts\/51122","targetHints":{"allow":["GET"]}}],"collection":[{"href":"https:\/\/encuentroinformativo.com.mx\/index.php?rest_route=\/wp\/v2\/posts"}],"about":[{"href":"https:\/\/encuentroinformativo.com.mx\/index.php?rest_route=\/wp\/v2\/types\/post"}],"author":[{"embeddable":true,"href":"https:\/\/encuentroinformativo.com.mx\/index.php?rest_route=\/wp\/v2\/users\/2476"}],"replies":[{"embeddable":true,"href":"https:\/\/encuentroinformativo.com.mx\/index.php?rest_route=%2Fwp%2Fv2%2Fcomments&post=51122"}],"version-history":[{"count":2,"href":"https:\/\/encuentroinformativo.com.mx\/index.php?rest_route=\/wp\/v2\/posts\/51122\/revisions"}],"predecessor-version":[{"id":51132,"href":"https:\/\/encuentroinformativo.com.mx\/index.php?rest_route=\/wp\/v2\/posts\/51122\/revisions\/51132"}],"wp:featuredmedia":[{"embeddable":true,"href":"https:\/\/encuentroinformativo.com.mx\/index.php?rest_route=\/wp\/v2\/media\/51123"}],"wp:attachment":[{"href":"https:\/\/encuentroinformativo.com.mx\/index.php?rest_route=%2Fwp%2Fv2%2Fmedia&parent=51122"}],"wp:term":[{"taxonomy":"category","embeddable":true,"href":"https:\/\/encuentroinformativo.com.mx\/index.php?rest_route=%2Fwp%2Fv2%2Fcategories&post=51122"},{"taxonomy":"post_tag","embeddable":true,"href":"https:\/\/encuentroinformativo.com.mx\/index.php?rest_route=%2Fwp%2Fv2%2Ftags&post=51122"}],"curies":[{"name":"wp","href":"https:\/\/api.w.org\/{rel}","templated":true}]}}