{"id":51125,"date":"2024-02-27T12:48:15","date_gmt":"2024-02-27T18:48:15","guid":{"rendered":"https:\/\/encuentroinformativo.com.mx\/?p=51125"},"modified":"2024-02-27T12:48:19","modified_gmt":"2024-02-27T18:48:19","slug":"yuri-no-estara-en-primer-desfile-de-carnaval-de-veracruz","status":"publish","type":"post","link":"https:\/\/encuentroinformativo.com.mx\/?p=51125","title":{"rendered":"Yuri no estar\u00e1 en primer desfile de carnaval de Veracruz"},"content":{"rendered":"\n<p><strong>Alejandro \u00c1vila<\/strong><\/p>\n\n\n\n<p>Veracruz, Ver.- La alcaldesa, Patricia Lobeira Rodr\u00edguez, confirm\u00f3 que la reci\u00e9n nombrada Reina del Carnaval, Yuri, no estar\u00e1 en el primer desfile debido a compromisos de trabajo.<\/p>\n\n\n\n<p>La edil mencion\u00f3 que la cantante de &#8220;La Maldita Primavera&#8221; estar\u00e1 con los jarochos el d\u00eda jueves, posteriormente el domingo, lunes y martes.<\/p>\n\n\n\n<p>&#8220;Yuri va a participar el d\u00eda de la coronaci\u00f3n que es el jueves, que tuvimos que colocarlo precisamente en ese d\u00eda, el jueves, ella el viernes tiene gira con Cristian Castro, el s\u00e1bado va a estar en su gira, y nosotros el viernes tenemos un concierto tambi\u00e9n importante aqu\u00ed en la ciudad que es uno de los eventos masivos. El s\u00e1bado que es el primer desfile ya tenemos tambi\u00e9n preparadas varias sorpresas para las personas, para que la gente pueda estar disfrutando tambi\u00e9n ese primer paseo, adem\u00e1s del concierto masivo que vamos a tener el s\u00e1bado, que ya m\u00e1s adelante les voy a decir qui\u00e9nes son los artistas tanto de viernes, s\u00e1bado y domingo, y el domingo llega Yuri y encabeza el desfile del domingo ya con todo su show en el carro aleg\u00f3rico, lo va a hacer el domingo, lunes y martes. Entonces, va a tener tres paseos Yuri, adem\u00e1s del d\u00eda de la coronaci\u00f3n&#8221;, mencion\u00f3 en entrevista.<\/p>\n\n\n\n<p>Paty Lobeira confirm\u00f3 que el d\u00eda de la coronaci\u00f3n se presentar\u00e1 el grupo de covers, Matute; y en pr\u00f3ximos d\u00edas estar\u00e1 anunciando el resto del elenco art\u00edstico, as\u00ed como la persona que ser\u00e1 el Rey del Carnaval.<\/p>\n\n\n\n<p>De la misma manera, dijo que los desfiles solo se realizar\u00e1n uno por d\u00eda a petici\u00f3n de los comparseros y batucadas.<\/p>\n","protected":false},"excerpt":{"rendered":"<p>Alejandro \u00c1vila Veracruz, Ver.- La alcaldesa, Patricia Lobeira Rodr\u00edguez, confirm\u00f3 que la reci\u00e9n nombrada Reina del Carnaval, Yuri, no estar\u00e1 en el primer desfile debido a compromisos de trabajo. La edil mencion\u00f3 que la cantante de &#8220;La Maldita Primavera&#8221; estar\u00e1 con los jarochos el d\u00eda jueves, posteriormente el domingo, lunes y martes. &#8220;Yuri va a [&hellip;]<\/p>\n","protected":false},"author":2476,"featured_media":51126,"comment_status":"open","ping_status":"open","sticky":false,"template":"","format":"standard","meta":{"_jetpack_memberships_contains_paid_content":false,"footnotes":""},"categories":[2],"tags":[],"class_list":["post-51125","post","type-post","status-publish","format-standard","has-post-thumbnail","hentry","category-estado"],"jetpack_featured_media_url":"https:\/\/encuentroinformativo.com.mx\/wp-content\/uploads\/2024\/02\/IMG-20240227-WA00942.jpg","jetpack_sharing_enabled":true,"jetpack_likes_enabled":true,"amp_enabled":true,"_links":{"self":[{"href":"https:\/\/encuentroinformativo.com.mx\/index.php?rest_route=\/wp\/v2\/posts\/51125","targetHints":{"allow":["GET"]}}],"collection":[{"href":"https:\/\/encuentroinformativo.com.mx\/index.php?rest_route=\/wp\/v2\/posts"}],"about":[{"href":"https:\/\/encuentroinformativo.com.mx\/index.php?rest_route=\/wp\/v2\/types\/post"}],"author":[{"embeddable":true,"href":"https:\/\/encuentroinformativo.com.mx\/index.php?rest_route=\/wp\/v2\/users\/2476"}],"replies":[{"embeddable":true,"href":"https:\/\/encuentroinformativo.com.mx\/index.php?rest_route=%2Fwp%2Fv2%2Fcomments&post=51125"}],"version-history":[{"count":1,"href":"https:\/\/encuentroinformativo.com.mx\/index.php?rest_route=\/wp\/v2\/posts\/51125\/revisions"}],"predecessor-version":[{"id":51127,"href":"https:\/\/encuentroinformativo.com.mx\/index.php?rest_route=\/wp\/v2\/posts\/51125\/revisions\/51127"}],"wp:featuredmedia":[{"embeddable":true,"href":"https:\/\/encuentroinformativo.com.mx\/index.php?rest_route=\/wp\/v2\/media\/51126"}],"wp:attachment":[{"href":"https:\/\/encuentroinformativo.com.mx\/index.php?rest_route=%2Fwp%2Fv2%2Fmedia&parent=51125"}],"wp:term":[{"taxonomy":"category","embeddable":true,"href":"https:\/\/encuentroinformativo.com.mx\/index.php?rest_route=%2Fwp%2Fv2%2Fcategories&post=51125"},{"taxonomy":"post_tag","embeddable":true,"href":"https:\/\/encuentroinformativo.com.mx\/index.php?rest_route=%2Fwp%2Fv2%2Ftags&post=51125"}],"curies":[{"name":"wp","href":"https:\/\/api.w.org\/{rel}","templated":true}]}}